{"id":49331,"date":"2015-02-23T15:51:05","date_gmt":"2015-02-23T18:51:05","guid":{"rendered":"http:\/\/www.elsindical.com.ar\/notas\/?p=49331"},"modified":"2015-02-23T15:51:05","modified_gmt":"2015-02-23T18:51:05","slug":"despiden-con-honores-a-perro-policia-antes-de-ser-sacrificado","status":"publish","type":"post","link":"https:\/\/www.elsindical.com.ar\/notas\/despiden-con-honores-a-perro-policia-antes-de-ser-sacrificado\/","title":{"rendered":"Despiden con honores a perro polic\u00eda antes de ser sacrificado"},"content":{"rendered":"<p><em><a href=\"http:\/\/www.elsindical.com.ar\/notas\/var\/www\/html\/notas\/wp-content\/uploads\/2015\/02\/0012243591.jpg\"><img loading=\"lazy\" decoding=\"async\" class=\"alignnone size-medium wp-image-49333\" src=\"http:\/\/www.elsindical.com.ar\/notas\/var\/www\/html\/notas\/wp-content\/uploads\/2015\/02\/0012243591-300x169.jpg\" alt=\"0012243591\" width=\"300\" height=\"169\" srcset=\"https:\/\/www.elsindical.com.ar\/notas\/var\/www\/html\/notas\/wp-content\/uploads\/2015\/02\/0012243591-300x169.jpg 300w, https:\/\/www.elsindical.com.ar\/notas\/var\/www\/html\/notas\/wp-content\/uploads\/2015\/02\/0012243591-500x282.jpg 500w, https:\/\/www.elsindical.com.ar\/notas\/var\/www\/html\/notas\/wp-content\/uploads\/2015\/02\/0012243591.jpg 531w\" sizes=\"auto, (max-width: 300px) 100vw, 300px\" \/><\/a>M\u00e1s de<b> 30 oficiales formaron un cord\u00f3n de honor <\/b>para acompa\u00f1ar a Juez, un pastor alem\u00e1n de 9 a\u00f1os afectado por una enfermedad terminal. El animal desfil\u00f3 con su juguete favorito en la boca.<\/em><\/p>\n<p>Fue la despedida de un h\u00e9roe. M\u00e1s de 30 oficiales de la polic\u00eda de <b>West Deptford Town, <\/b>en Nueva Jersey, EEUU, cumplieron con la ceremonia que corresponde a un compa\u00f1ero muerto en acci\u00f3n.<\/p>\n<p>S\u00f3lo que en este caso, el homenajeado fue Juez, un pastor alem\u00e1n de 9 a\u00f1os que se dirig\u00eda hacia el sacrificio en la St. Francis Veterinary Clinic en Woolwich Township.<\/p>\n<p>El animal desfil\u00f3 entre el cord\u00f3n de polic\u00edas con su juguete favorito en la boca, el protector que usaban sus entrenadores en el brazo para soportar sus mordidas. El rostro marcial de muchos polic\u00edas no alcanz\u00f3 para esconder sus l\u00e1grimas, que brotaron incluso en los ojos de los m\u00e9dicos encargados del sacrificio.<\/p>\n<p>Desde 2007,<b> Juez particip\u00f3 en m\u00e1s de 280 operaciones policiales y permiti\u00f3 la detenci\u00f3n de 152 delincuentes<\/b>, adem\u00e1s de incautaci\u00f3n de drogas y casos de seguimiento.<\/p>\n<p>Fue un problema en los dientes lo que alert\u00f3 sobre la salud de Juez. En junio, el perro comenz\u00f3 a padecer v\u00f3mitos, p\u00e9rdida del cabello e hinchaz\u00f3n. Fue diagnosticado con la enfermedad de Cushing y se le dieron los medicamentos necesarios para controlar la enfermedad.<\/p>\n<p>En septiembre, Juez empez\u00f3 a tener hemorragias nasales. Un especialista no logr\u00f3 encontrar la causa de los nuevos s\u00edntomas.<\/p>\n<p>El 7 de noviembre, el pastor alem\u00e1n empez\u00f3 a vomitar nuevamente y mostr\u00f3 signos de debilidad. Finalmente, los veterinarios encontraron<b> grandes tumores en su h\u00edgado.<\/b><\/p>\n<p>El perro fue enviado al Hospital Veterinario de la Universidad de Pennsylvania, donde le extrajeron los tumores y le realizaron una biopsia. Pero ya su enfermedad era terminal, por lo que se decidi\u00f3 sacrificarlo.<\/p>\n<p>La enfermedad de Juez dispar\u00f3 incre\u00edbles muestras de solidaridad, que permitieron recaudar en un s\u00f3lo d\u00eda <b>13.000 d\u00f3lares para su tratamiento. <\/b>El presupuesto oficial para atender a los perros de la polic\u00eda es de 300 d\u00f3lares anuales.<\/p>\n<p><a href=\"http:\/\/www.elsindical.com.ar\/notas\/var\/www\/html\/notas\/wp-content\/uploads\/2015\/02\/0012243612.jpg\"><img loading=\"lazy\" decoding=\"async\" class=\"alignnone size-medium wp-image-49332\" src=\"http:\/\/www.elsindical.com.ar\/notas\/var\/www\/html\/notas\/wp-content\/uploads\/2015\/02\/0012243612-300x169.jpg\" alt=\"0012243612\" width=\"300\" height=\"169\" srcset=\"https:\/\/www.elsindical.com.ar\/notas\/var\/www\/html\/notas\/wp-content\/uploads\/2015\/02\/0012243612-300x169.jpg 300w, https:\/\/www.elsindical.com.ar\/notas\/var\/www\/html\/notas\/wp-content\/uploads\/2015\/02\/0012243612-500x282.jpg 500w, https:\/\/www.elsindical.com.ar\/notas\/var\/www\/html\/notas\/wp-content\/uploads\/2015\/02\/0012243612.jpg 531w\" sizes=\"auto, (max-width: 300px) 100vw, 300px\" \/><\/a><\/p>\n","protected":false},"excerpt":{"rendered":"<p>M\u00e1s de 30 oficiales formaron un cord\u00f3n de honor para acompa\u00f1ar a Juez, un pastor alem\u00e1n de 9 a\u00f1os afectado por una enfermedad terminal. El animal desfil\u00f3 con su juguete favorito en la boca. Fue la despedida de un h\u00e9roe. M\u00e1s de 30 oficiales de la polic\u00eda de West Deptford Town, en Nueva Jersey, EEUU,&hellip;<\/p>\n","protected":false},"author":1,"featured_media":0,"comment_status":"open","ping_status":"open","sticky":false,"template":"","format":"standard","meta":{"footnotes":""},"categories":[1],"tags":[141,189,20880,30],"class_list":["post-49331","post","type-post","status-publish","format-standard","hentry","category-destacadas","tag-eeuu","tag-juez","tag-new-jersey","tag-policia"],"_links":{"self":[{"href":"https:\/\/www.elsindical.com.ar\/notas\/wp-json\/wp\/v2\/posts\/49331","targetHints":{"allow":["GET"]}}],"collection":[{"href":"https:\/\/www.elsindical.com.ar\/notas\/wp-json\/wp\/v2\/posts"}],"about":[{"href":"https:\/\/www.elsindical.com.ar\/notas\/wp-json\/wp\/v2\/types\/post"}],"author":[{"embeddable":true,"href":"https:\/\/www.elsindical.com.ar\/notas\/wp-json\/wp\/v2\/users\/1"}],"replies":[{"embeddable":true,"href":"https:\/\/www.elsindical.com.ar\/notas\/wp-json\/wp\/v2\/comments?post=49331"}],"version-history":[{"count":1,"href":"https:\/\/www.elsindical.com.ar\/notas\/wp-json\/wp\/v2\/posts\/49331\/revisions"}],"predecessor-version":[{"id":49334,"href":"https:\/\/www.elsindical.com.ar\/notas\/wp-json\/wp\/v2\/posts\/49331\/revisions\/49334"}],"wp:attachment":[{"href":"https:\/\/www.elsindical.com.ar\/notas\/wp-json\/wp\/v2\/media?parent=49331"}],"wp:term":[{"taxonomy":"category","embeddable":true,"href":"https:\/\/www.elsindical.com.ar\/notas\/wp-json\/wp\/v2\/categories?post=49331"},{"taxonomy":"post_tag","embeddable":true,"href":"https:\/\/www.elsindical.com.ar\/notas\/wp-json\/wp\/v2\/tags?post=49331"}],"curies":[{"name":"wp","href":"https:\/\/api.w.org\/{rel}","templated":true}]}}