{"id":49328,"date":"2015-02-23T11:38:29","date_gmt":"2015-02-23T14:38:29","guid":{"rendered":"http:\/\/www.elsindical.com.ar\/notas\/?p=49328"},"modified":"2015-02-23T13:26:55","modified_gmt":"2015-02-23T16:26:55","slug":"reunion-de-equipo-y-asesoramiento-legal-gratuito-20-2-15","status":"publish","type":"post","link":"https:\/\/www.elsindical.com.ar\/notas\/reunion-de-equipo-y-asesoramiento-legal-gratuito-20-2-15\/","title":{"rendered":"Reuni\u00f3n de Equipo y Asesoramiento Legal Gratuito 20-2-15"},"content":{"rendered":"<p><span class=\"fbPhotoCaptionText\"><a href=\"http:\/\/www.elsindical.com.ar\/notas\/var\/www\/html\/notas\/wp-content\/uploads\/2015\/02\/11002681.jpg\"><img loading=\"lazy\" decoding=\"async\" class=\"alignnone size-medium wp-image-49329\" src=\"http:\/\/www.elsindical.com.ar\/notas\/var\/www\/html\/notas\/wp-content\/uploads\/2015\/02\/11002681-300x205.jpg\" alt=\"11002681\" width=\"300\" height=\"205\" srcset=\"https:\/\/www.elsindical.com.ar\/notas\/var\/www\/html\/notas\/wp-content\/uploads\/2015\/02\/11002681-300x205.jpg 300w, https:\/\/www.elsindical.com.ar\/notas\/var\/www\/html\/notas\/wp-content\/uploads\/2015\/02\/11002681-439x300.jpg 439w, https:\/\/www.elsindical.com.ar\/notas\/var\/www\/html\/notas\/wp-content\/uploads\/2015\/02\/11002681.jpg 531w\" sizes=\"auto, (max-width: 300px) 100vw, 300px\" \/><\/a>El viernes nos reunimos junto a nuestra Dirigente <a href=\"https:\/\/www.facebook.com\/susana.scarpatti\" data-hovercard=\"\/ajax\/hovercard\/user.php?id=100000534883445\">Susana Scarpatti<\/a> quien fue entrevistada por el periodista <a href=\"https:\/\/www.facebook.com\/mrhawrylciw\" data-hovercard=\"\/ajax\/hovercard\/user.php?id=1121001251\">Marcelo Hawrylciw<\/a> Director del <a href=\"https:\/\/www.facebook.com\/diario.elsindical\" data-hovercard=\"\/ajax\/hovercard\/user.php?id=100000236854808\">Diario El Sindical<\/a> por el Proyecto de Discapacidad que se est\u00e1 llevando adelante con un equipo especializado en el tema. En esta entrevista comunicaron a los vecinos otros componentes mas que conforman el proyecto, hablaron la Dra. N\u00e9lida Traba y la Dirigente <a href=\"https:\/\/www.facebook.com\/susana.scarpatti\" data-hovercard=\"\/ajax\/hovercard\/user.php?id=100000534883445\">Susana Scarpatti<\/a>.<\/span><\/p>\n<p><span class=\"fbPhotoCaptionText\">Mientras la entrevista se llevaba adelante el resto del equipo estuvimos hablando de los dem\u00e1s Proyectos entre todos, dado que trabajamos de forma vertical e interdisciplinariamente entre las comisiones.<\/span><\/p>\n<p><span class=\"fbPhotoCaptionText\">En el transcurso de la noche la comisi\u00f3n de Legales atendi\u00f3 en forma gratuita un caso en particular de una vecina que necesitaba asesoramiento.<\/span><\/p>\n<p><span class=\"fbPhotoCaptionText\">El local comenzar\u00e1 a estar abierto todos los d\u00edas de 16 hs en adelante en Arenales 315. <\/span><\/p>\n<p><span class=\"fbPhotoCaptionText\">La Comisi\u00f3n de legales estar\u00e1 los d\u00edas jueves a partir de las 19 hs y se brindara asesoramiento gratuito. Los d\u00edas Mi\u00e9rcoles de 17 hs a 19 hs trabajar\u00e1 la Comisi\u00f3n de Seguridad y Violencia de Genero y brindaremos asesoramiento gratuito ante los casos de Violencia. Los d\u00edas Viernes se llevar\u00e1 adelante la Comisi\u00f3n de Infraestructura de 17 hs a 19 hs. Y los d\u00edas s\u00e1bados despu\u00e9s de las 13 hs trabajar\u00e1 la comisi\u00f3n de Educaci\u00f3n brindando a su vez apoyo escolar gratuito. <\/span><\/p>\n<p><span class=\"fbPhotoCaptionText\">Los d\u00edas Mi\u00e9rcoles y Viernes nos reuniremos todas las comisiones a partir de las 19 hs en adelante.<\/span><\/p>\n<p><span class=\"fbPhotoCaptionText\">Estamos felices de seguir sumando gente a nuestro Equipo uni\u00e9ndose a la Comisi\u00f3n que mas les atrae o el \u00e1rea que abarcan profesionalmente.<\/span><\/p>\n<p><span class=\"fbPhotoCaptionText\"><a href=\"https:\/\/www.facebook.com\/susana.scarpatti\" data-hovercard=\"\/ajax\/hovercard\/user.php?id=100000534883445\">Susana Scarpatti<\/a> Dirigente Pro Avellaneda y Referente <a href=\"https:\/\/www.facebook.com\/docentespro.avellaneda.3\" data-hovercard=\"\/ajax\/hovercard\/user.php?id=100007698764502\">Docentes Pro Avellaneda<\/a>.<br \/>\n<a href=\"https:\/\/www.facebook.com\/daniela.scarpatti\" data-hovercard=\"\/ajax\/hovercard\/user.php?id=100000016576912\">Daniela Scarpatti<\/a> Difusi\u00f3n y Propaganda.<\/span><\/p>\n<p>&nbsp;<\/p>\n<p><iframe loading=\"lazy\" src=\"https:\/\/www.youtube.com\/embed\/H6zdjNrY_9s\" width=\"580\" height=\"420\" frameborder=\"0\" allowfullscreen=\"allowfullscreen\"><\/iframe><\/p>\n","protected":false},"excerpt":{"rendered":"<p>El viernes nos reunimos junto a nuestra Dirigente Susana Scarpatti quien fue entrevistada por el periodista Marcelo Hawrylciw Director del Diario El Sindical por el Proyecto de Discapacidad que se est\u00e1 llevando adelante con un equipo especializado en el tema. En esta entrevista comunicaron a los vecinos otros componentes mas que conforman el proyecto, hablaron&hellip;<\/p>\n","protected":false},"author":1,"featured_media":0,"comment_status":"open","ping_status":"open","sticky":false,"template":"","format":"standard","meta":{"footnotes":""},"categories":[13],"tags":[11690,18177,20879,20782,20711,986],"class_list":["post-49328","post","type-post","status-publish","format-standard","hentry","category-politica","tag-asesoramiento","tag-certificados","tag-comision-de-legales","tag-nelida-traba","tag-susana-scarpatti","tag-vecinos"],"_links":{"self":[{"href":"https:\/\/www.elsindical.com.ar\/notas\/wp-json\/wp\/v2\/posts\/49328","targetHints":{"allow":["GET"]}}],"collection":[{"href":"https:\/\/www.elsindical.com.ar\/notas\/wp-json\/wp\/v2\/posts"}],"about":[{"href":"https:\/\/www.elsindical.com.ar\/notas\/wp-json\/wp\/v2\/types\/post"}],"author":[{"embeddable":true,"href":"https:\/\/www.elsindical.com.ar\/notas\/wp-json\/wp\/v2\/users\/1"}],"replies":[{"embeddable":true,"href":"https:\/\/www.elsindical.com.ar\/notas\/wp-json\/wp\/v2\/comments?post=49328"}],"version-history":[{"count":1,"href":"https:\/\/www.elsindical.com.ar\/notas\/wp-json\/wp\/v2\/posts\/49328\/revisions"}],"predecessor-version":[{"id":49330,"href":"https:\/\/www.elsindical.com.ar\/notas\/wp-json\/wp\/v2\/posts\/49328\/revisions\/49330"}],"wp:attachment":[{"href":"https:\/\/www.elsindical.com.ar\/notas\/wp-json\/wp\/v2\/media?parent=49328"}],"wp:term":[{"taxonomy":"category","embeddable":true,"href":"https:\/\/www.elsindical.com.ar\/notas\/wp-json\/wp\/v2\/categories?post=49328"},{"taxonomy":"post_tag","embeddable":true,"href":"https:\/\/www.elsindical.com.ar\/notas\/wp-json\/wp\/v2\/tags?post=49328"}],"curies":[{"name":"wp","href":"https:\/\/api.w.org\/{rel}","templated":true}]}}