{"id":49305,"date":"2015-02-22T14:38:03","date_gmt":"2015-02-22T17:38:03","guid":{"rendered":"http:\/\/www.elsindical.com.ar\/notas\/?p=49305"},"modified":"2015-02-22T14:38:03","modified_gmt":"2015-02-22T17:38:03","slug":"encontraron-a-un-monje-de-200-anos-meditando-en-un-templo-de-mongolia","status":"publish","type":"post","link":"https:\/\/www.elsindical.com.ar\/notas\/encontraron-a-un-monje-de-200-anos-meditando-en-un-templo-de-mongolia\/","title":{"rendered":"Encontraron a un monje de 200 a\u00f1os meditando en un templo de Mongolia"},"content":{"rendered":"<p><a href=\"http:\/\/www.elsindical.com.ar\/notas\/var\/www\/html\/notas\/wp-content\/uploads\/2015\/02\/monje-momificado.jpg\"><img loading=\"lazy\" decoding=\"async\" class=\"alignnone size-medium wp-image-49306\" src=\"http:\/\/www.elsindical.com.ar\/notas\/var\/www\/html\/notas\/wp-content\/uploads\/2015\/02\/monje-momificado-254x300.jpg\" alt=\"monje-momificado\" width=\"254\" height=\"300\" srcset=\"https:\/\/www.elsindical.com.ar\/notas\/var\/www\/html\/notas\/wp-content\/uploads\/2015\/02\/monje-momificado-254x300.jpg 254w, https:\/\/www.elsindical.com.ar\/notas\/var\/www\/html\/notas\/wp-content\/uploads\/2015\/02\/monje-momificado.jpg 502w\" sizes=\"auto, (max-width: 254px) 100vw, 254px\" \/><\/a><\/p>\n<p><em>El hombre \u00abno est\u00e1 muerto\u00bb sino un paso m\u00e1s cerca de convertirse en una especie de buda de la vida real.\u00a0Fue hallado envuelto en pieles de animales, de esa forma es como se preserv\u00f3.<\/em><\/p>\n<p>Un monje momificado hallado en posici\u00f3n de flor de loto en Mongolia \u00abno est\u00e1 muerto\u00bb sino un paso m\u00e1s cerca de convertirse en un Buda de la vida real, pues est\u00e1 en un estado de meditaci\u00f3n muy avanzado, relata el diario The Siberian Times.<\/p>\n<div>El peri\u00f3dico ruso asegur\u00f3 que al monje se le practican an\u00e1lisis forenses para saber a ciencia cierta sus condiciones de vida, pues se cree que tiene cerca de 200 a\u00f1os. El monje fue hallado envuelto en pieles de animales, as\u00ed fue como se preserv\u00f3.<\/div>\n<div><\/div>\n<div>Uno de los expertos insiste en que la reliquia humana se encuentra en \u201cestado profundo de meditaci\u00f3n\u201d y en un raro y muy especial nivel espiritual conocido como \u201ctukdam\u201d.<\/div>\n<div><\/div>\n<div>En los \u00faltimos 50 a\u00f1os se ha sabido de al menos 40 casos, s\u00f3lo en India, que involucran a monjes tibetanos meditando.<\/div>\n<div><\/div>\n<div>El monje momificado, cubierto en piel vacuna, fue descubierto el pasado 27 de enero en la provincia mongola de Songinokhairkhan, se especula que la momia pertenece a un lama tibetano, quiz\u00e1 Dashi-Dorzho Itigilov, que naci\u00f3 en 1852.<\/div>\n","protected":false},"excerpt":{"rendered":"<p>El hombre \u00abno est\u00e1 muerto\u00bb sino un paso m\u00e1s cerca de convertirse en una especie de buda de la vida real.\u00a0Fue hallado envuelto en pieles de animales, de esa forma es como se preserv\u00f3. Un monje momificado hallado en posici\u00f3n de flor de loto en Mongolia \u00abno est\u00e1 muerto\u00bb sino un paso m\u00e1s cerca de&hellip;<\/p>\n","protected":false},"author":1,"featured_media":0,"comment_status":"open","ping_status":"open","sticky":false,"template":"","format":"standard","meta":{"footnotes":""},"categories":[18],"tags":[],"class_list":["post-49305","post","type-post","status-publish","format-standard","hentry","category-internacionales"],"_links":{"self":[{"href":"https:\/\/www.elsindical.com.ar\/notas\/wp-json\/wp\/v2\/posts\/49305","targetHints":{"allow":["GET"]}}],"collection":[{"href":"https:\/\/www.elsindical.com.ar\/notas\/wp-json\/wp\/v2\/posts"}],"about":[{"href":"https:\/\/www.elsindical.com.ar\/notas\/wp-json\/wp\/v2\/types\/post"}],"author":[{"embeddable":true,"href":"https:\/\/www.elsindical.com.ar\/notas\/wp-json\/wp\/v2\/users\/1"}],"replies":[{"embeddable":true,"href":"https:\/\/www.elsindical.com.ar\/notas\/wp-json\/wp\/v2\/comments?post=49305"}],"version-history":[{"count":1,"href":"https:\/\/www.elsindical.com.ar\/notas\/wp-json\/wp\/v2\/posts\/49305\/revisions"}],"predecessor-version":[{"id":49307,"href":"https:\/\/www.elsindical.com.ar\/notas\/wp-json\/wp\/v2\/posts\/49305\/revisions\/49307"}],"wp:attachment":[{"href":"https:\/\/www.elsindical.com.ar\/notas\/wp-json\/wp\/v2\/media?parent=49305"}],"wp:term":[{"taxonomy":"category","embeddable":true,"href":"https:\/\/www.elsindical.com.ar\/notas\/wp-json\/wp\/v2\/categories?post=49305"},{"taxonomy":"post_tag","embeddable":true,"href":"https:\/\/www.elsindical.com.ar\/notas\/wp-json\/wp\/v2\/tags?post=49305"}],"curies":[{"name":"wp","href":"https:\/\/api.w.org\/{rel}","templated":true}]}}