{"id":49300,"date":"2015-02-21T10:44:46","date_gmt":"2015-02-21T13:44:46","guid":{"rendered":"http:\/\/www.elsindical.com.ar\/notas\/?p=49300"},"modified":"2015-02-21T10:44:46","modified_gmt":"2015-02-21T13:44:46","slug":"felix-diaz-suma-el-apoyo-de-la-fuba-y-madres-de-plaza-de-mayo","status":"publish","type":"post","link":"https:\/\/www.elsindical.com.ar\/notas\/felix-diaz-suma-el-apoyo-de-la-fuba-y-madres-de-plaza-de-mayo\/","title":{"rendered":"F\u00e9lix D\u00edaz suma el apoyo de la FUBA y Madres de Plaza de Mayo"},"content":{"rendered":"<p><a href=\"http:\/\/www.elsindical.com.ar\/notas\/var\/www\/html\/notas\/wp-content\/uploads\/2015\/02\/01-1.jpg\"><img loading=\"lazy\" decoding=\"async\" class=\"alignnone size-medium wp-image-49301\" src=\"http:\/\/www.elsindical.com.ar\/notas\/var\/www\/html\/notas\/wp-content\/uploads\/2015\/02\/01-1-300x156.jpg\" alt=\"01-(1)\" width=\"300\" height=\"156\" srcset=\"https:\/\/www.elsindical.com.ar\/notas\/var\/www\/html\/notas\/wp-content\/uploads\/2015\/02\/01-1-300x156.jpg 300w, https:\/\/www.elsindical.com.ar\/notas\/var\/www\/html\/notas\/wp-content\/uploads\/2015\/02\/01-1-500x260.jpg 500w, https:\/\/www.elsindical.com.ar\/notas\/var\/www\/html\/notas\/wp-content\/uploads\/2015\/02\/01-1.jpg 502w\" sizes=\"auto, (max-width: 300px) 100vw, 300px\" \/><\/a>En el d\u00eda de ayer, el presidente de la FUBA, Juli\u00e1n Asiner, se reuni\u00f3 con F\u00e9lix D\u00edaz para brindarle el apoyo del movimiento estudiantil al acampe que la comunidad Qom volvi\u00f3 a instalar en Av. de Mayo y 9 de Julio. Participaron tambi\u00e9n delegaciones de los Centros de Estudiantes de Psicolog\u00eda, Veterinarias, Ciencias Sociales, Filosof\u00eda y Letras y Farmacia y Bioqu\u00edmica. Estuvieron presentes, asimismo, Nora Corti\u00f1as y Mirta Baravalle,\u00a0Madres de Plaza de Mayo L\u00ednea Fundadora.<\/p>\n<p>El presidente de la FUBA declar\u00f3: \u00abEstamos ac\u00e1 para apoyar la lucha de los Qom que se encuentran cortando la ruta 86 en Formosa\u00a0para rechazar la intromisi\u00f3n de patotas del gobernador Insfr\u00e1n en sus territorios. Reclaman, al mismo tiempo, informaci\u00f3n sobre obras y gestiones que el gobernador K ha iniciado en tierras que pertenecen a los originarios, avasallando nuevamente sus derechos\u00bb.<\/p>\n<p>Asiner record\u00f3 que \u00abeste mismo acampe fue desalojado en 2010 por un operativo de la Gendarmer\u00eda con la colaboraci\u00f3n de militantes de La C\u00e1mpora, encabezados en ese entonces por el \u201cCuervo\u201d Larroque. Sin embargo, poco y nada se ha avanzado desde entonces. La Corte Suprema sigue sin resolver la cuesti\u00f3n de fondo sobre el derecho de los Qom a vivir en sus tierras ancestrales, dando pie a esta nueva ofensiva del gobierno. El gobierno de CFK avala los negociados que su gobernador, en Formosa, pretende hacer por la fuerza con las tierras de los originarios\u00bb.<\/p>\n<p>El titular de la federaci\u00f3n estudiantil inform\u00f3 que \u00aben la reuni\u00f3n,\u00a0F\u00e9lix D\u00edaz reforz\u00f3 adem\u00e1s el reclamo por el acceso a electricidad, agua potable, salud y educaci\u00f3n, todos derechos negados por el gobierno de Formosa\u00bb. Asiner finaliz\u00f3 convocando \u00aba toda la poblaci\u00f3n a acercarse para apoyar el acampe Qom y participar de las actividades que all\u00ed estaremos realizando durante los pr\u00f3ximos d\u00edas\u00bb.<\/p>\n<div><\/div>\n<div>Para comunicarse:<\/div>\n<div>Juli\u00e1n Asiner, presidente de la FUBA &#8211; 1167809800<\/div>\n","protected":false},"excerpt":{"rendered":"<p>En el d\u00eda de ayer, el presidente de la FUBA, Juli\u00e1n Asiner, se reuni\u00f3 con F\u00e9lix D\u00edaz para brindarle el apoyo del movimiento estudiantil al acampe que la comunidad Qom volvi\u00f3 a instalar en Av. de Mayo y 9 de Julio. Participaron tambi\u00e9n delegaciones de los Centros de Estudiantes de Psicolog\u00eda, Veterinarias, Ciencias Sociales, Filosof\u00eda&hellip;<\/p>\n","protected":false},"author":1,"featured_media":0,"comment_status":"open","ping_status":"open","sticky":false,"template":"","format":"standard","meta":{"footnotes":""},"categories":[8],"tags":[835,4907,3185],"class_list":["post-49300","post","type-post","status-publish","format-standard","hentry","category-derechos-humanos","tag-acampe","tag-fuba","tag-madres-de-plaza-de-mayo"],"_links":{"self":[{"href":"https:\/\/www.elsindical.com.ar\/notas\/wp-json\/wp\/v2\/posts\/49300","targetHints":{"allow":["GET"]}}],"collection":[{"href":"https:\/\/www.elsindical.com.ar\/notas\/wp-json\/wp\/v2\/posts"}],"about":[{"href":"https:\/\/www.elsindical.com.ar\/notas\/wp-json\/wp\/v2\/types\/post"}],"author":[{"embeddable":true,"href":"https:\/\/www.elsindical.com.ar\/notas\/wp-json\/wp\/v2\/users\/1"}],"replies":[{"embeddable":true,"href":"https:\/\/www.elsindical.com.ar\/notas\/wp-json\/wp\/v2\/comments?post=49300"}],"version-history":[{"count":1,"href":"https:\/\/www.elsindical.com.ar\/notas\/wp-json\/wp\/v2\/posts\/49300\/revisions"}],"predecessor-version":[{"id":49302,"href":"https:\/\/www.elsindical.com.ar\/notas\/wp-json\/wp\/v2\/posts\/49300\/revisions\/49302"}],"wp:attachment":[{"href":"https:\/\/www.elsindical.com.ar\/notas\/wp-json\/wp\/v2\/media?parent=49300"}],"wp:term":[{"taxonomy":"category","embeddable":true,"href":"https:\/\/www.elsindical.com.ar\/notas\/wp-json\/wp\/v2\/categories?post=49300"},{"taxonomy":"post_tag","embeddable":true,"href":"https:\/\/www.elsindical.com.ar\/notas\/wp-json\/wp\/v2\/tags?post=49300"}],"curies":[{"name":"wp","href":"https:\/\/api.w.org\/{rel}","templated":true}]}}