{"id":49296,"date":"2015-02-20T17:05:27","date_gmt":"2015-02-20T20:05:27","guid":{"rendered":"http:\/\/www.elsindical.com.ar\/notas\/?p=49296"},"modified":"2015-02-20T17:05:27","modified_gmt":"2015-02-20T20:05:27","slug":"ratificaron-el-freno-a-la-adecuacion-de-clarin","status":"publish","type":"post","link":"https:\/\/www.elsindical.com.ar\/notas\/ratificaron-el-freno-a-la-adecuacion-de-clarin\/","title":{"rendered":"Ratificaron el freno a la adecuaci\u00f3n de Clar\u00edn"},"content":{"rendered":"<p><em><a href=\"http:\/\/www.elsindical.com.ar\/notas\/var\/www\/html\/notas\/wp-content\/uploads\/2011\/09\/C\u00e1mara-Civil-de-Apelaciones.jpg\"><img loading=\"lazy\" decoding=\"async\" class=\"alignnone size-medium wp-image-16944\" src=\"http:\/\/www.elsindical.com.ar\/notas\/var\/www\/html\/notas\/wp-content\/uploads\/2011\/09\/C\u00e1mara-Civil-de-Apelaciones-300x208.jpg\" alt=\"C\u00e1mara-Civil-de-Apelaciones\" width=\"300\" height=\"208\" srcset=\"https:\/\/www.elsindical.com.ar\/notas\/var\/www\/html\/notas\/wp-content\/uploads\/2011\/09\/C\u00e1mara-Civil-de-Apelaciones-300x208.jpg 300w, https:\/\/www.elsindical.com.ar\/notas\/var\/www\/html\/notas\/wp-content\/uploads\/2011\/09\/C\u00e1mara-Civil-de-Apelaciones.jpg 382w\" sizes=\"auto, (max-width: 300px) 100vw, 300px\" \/><\/a>La C\u00e1mara Nacional de Apelaciones ratific\u00f3 el fallo del juez Alfonso que suspend\u00eda los efectos del \u00abProcedimiento de transferencia de oficio\u00bb iniciado por la AFSCA.<\/em><\/p>\n<p>La nueva medida cautelar que benefici\u00f3 al grupo Clar\u00edn, fue dictada a instancias de una presentaci\u00f3n realizada por un grupos de periodistas de dicho multimedio, al aducir que la adecuaci\u00f3n de oficio a la ley de Servicios de Comunicaci\u00f3n Audiovisual atentaba contra la libertad de expresi\u00f3n. Entre los firmantes se encuentran Julio Blanck, Nelson Castro, Jorge Fern\u00e1ndez D\u00edaz, Jorge Lanata, Alfredo Leuco, Marcelo Longobardi, Joaqu\u00edn Morales Sol\u00e1, Magdalena Ru\u00edz Gui\u00f1az\u00fa y Eduardo van der Kooy.<\/p>\n<p>En su presentaci\u00f3n sostuvieron la decisi\u00f3n de la AFSCA de avanzar en la adecuaci\u00f3n de oficio es \u00abel corolario de una campa\u00f1a de persecuci\u00f3n y hostigamiento\u00bb de la que vienen \u00absiendo objeto\u00bb en los \u00faltimos a\u00f1os. \u00abPor lo que constituye un acto de censura indirecta (en los t\u00e9rminos del art. 13, puntos 1 y 2 de la Convenci\u00f3n Americana de Derechos Humanos y de la jurisprudencia de la Corte Interamericana de Derechos Humanos)\u00bb.<\/p>\n<p><strong>Detalles de la cautelar.<\/strong> El 9 de diciembre pasado el juez Horacio Alfonso dispuso una medida cautelar que suspendi\u00f3 la resoluci\u00f3n de la Afsca que establec\u00eda el inicio de la adecuaci\u00f3n de oficio.<\/p>\n<p>La causa por la adecuaci\u00f3n de oficio a la Ley de Medios del Grupo Clar\u00edn se trat\u00f3 durante la feria judicial de enero gracias a lo resuelto por el conjuez de primera instancia en lo Civil y Comercial Federal, Antonio Rojas Salinas, al hacer lugar a un reclamo de la AFSCA.<\/p>\n<p>Alfonso hab\u00eda dictado la medida suspensiva a pedido del Grupo Clar\u00edn contra la decisi\u00f3n del organismo que encabeza Mart\u00edn Sabbatella de disponer el desprendimiento forzoso de medios por exceder el n\u00famero permitido por la ley.<\/p>\n<p>La AFSCA apel\u00f3 esa cautelar que el Grupo Clarin utiliz\u00f3 como estrategia para dilatar el cumplimiento de la Ley de Servicios de Comunicaci\u00f3n Audiovisual, y hoy la justicia la volvi\u00f3 a ratificar dilatando la resoluci\u00f3n del conflicto.<\/p>\n<p>El Gobierno hab\u00eda intentado que la propia Corte Suprema resolviera el expediente mediante un recurso de \u201cper saltum\u201d que fue rechazado por el m\u00e1ximo tribunal a fines de diciembre aduciendo \u201cfalta de fundamentaci\u00f3n\u201d.<\/p>\n<p>El fallo de la Sala I de la C\u00e1mara Nacional de Apelaciones en lo Civil y Comercial Federal lleva las firmas de los jueces Mar\u00eda Susana Najurieta y Ricardo Guarinoni, con la correspondiente aclaraci\u00f3n de que el juez Francisco De las carreras no intervino por \u201challarse en uso de licencia\u201d.<\/p>\n<p><strong>Una ley no implementada en su totalidad.<\/strong> Desde su sanci\u00f3n en 2009, la ley no ha podido ser aplicada en su totalidad debido a la embestida judicial llevada adelante por el principal multimedio del pa\u00eds. El pedido de medidas cautelares para frenar su plena aplicaci\u00f3n es la estrategia utilizada por el Grupo Clar\u00edn para no adecuarse con la norma aprobada por amplia mayor\u00eda en el Congreso de la Naci\u00f3n y cuya constitucionalidad fue ratificada luego de una larga disputa judicial por la Suprema Corte de Justicia de la Naci\u00f3n.<\/p>\n","protected":false},"excerpt":{"rendered":"<p>La C\u00e1mara Nacional de Apelaciones ratific\u00f3 el fallo del juez Alfonso que suspend\u00eda los efectos del \u00abProcedimiento de transferencia de oficio\u00bb iniciado por la AFSCA. La nueva medida cautelar que benefici\u00f3 al grupo Clar\u00edn, fue dictada a instancias de una presentaci\u00f3n realizada por un grupos de periodistas de dicho multimedio, al aducir que la adecuaci\u00f3n&hellip;<\/p>\n","protected":false},"author":1,"featured_media":0,"comment_status":"open","ping_status":"open","sticky":false,"template":"","format":"standard","meta":{"footnotes":""},"categories":[20],"tags":[11381,20873,2139,70,14381],"class_list":["post-49296","post","type-post","status-publish","format-standard","hentry","category-judiciales","tag-afsca","tag-camara-nacional-de-apelaciones","tag-cautelar","tag-clarin","tag-juez-alfonso"],"_links":{"self":[{"href":"https:\/\/www.elsindical.com.ar\/notas\/wp-json\/wp\/v2\/posts\/49296","targetHints":{"allow":["GET"]}}],"collection":[{"href":"https:\/\/www.elsindical.com.ar\/notas\/wp-json\/wp\/v2\/posts"}],"about":[{"href":"https:\/\/www.elsindical.com.ar\/notas\/wp-json\/wp\/v2\/types\/post"}],"author":[{"embeddable":true,"href":"https:\/\/www.elsindical.com.ar\/notas\/wp-json\/wp\/v2\/users\/1"}],"replies":[{"embeddable":true,"href":"https:\/\/www.elsindical.com.ar\/notas\/wp-json\/wp\/v2\/comments?post=49296"}],"version-history":[{"count":1,"href":"https:\/\/www.elsindical.com.ar\/notas\/wp-json\/wp\/v2\/posts\/49296\/revisions"}],"predecessor-version":[{"id":49297,"href":"https:\/\/www.elsindical.com.ar\/notas\/wp-json\/wp\/v2\/posts\/49296\/revisions\/49297"}],"wp:attachment":[{"href":"https:\/\/www.elsindical.com.ar\/notas\/wp-json\/wp\/v2\/media?parent=49296"}],"wp:term":[{"taxonomy":"category","embeddable":true,"href":"https:\/\/www.elsindical.com.ar\/notas\/wp-json\/wp\/v2\/categories?post=49296"},{"taxonomy":"post_tag","embeddable":true,"href":"https:\/\/www.elsindical.com.ar\/notas\/wp-json\/wp\/v2\/tags?post=49296"}],"curies":[{"name":"wp","href":"https:\/\/api.w.org\/{rel}","templated":true}]}}