{"id":49239,"date":"2015-02-17T14:10:34","date_gmt":"2015-02-17T17:10:34","guid":{"rendered":"http:\/\/www.elsindical.com.ar\/notas\/?p=49239"},"modified":"2024-01-30T11:46:55","modified_gmt":"2024-01-30T14:46:55","slug":"medica-provocadora-y-mentirosa","status":"publish","type":"post","link":"https:\/\/www.elsindical.com.ar\/notas\/medica-provocadora-y-mentirosa\/","title":{"rendered":"M\u00e9dica, provocadora y mentirosa"},"content":{"rendered":"<p><a href=\"http:\/\/www.elsindical.com.ar\/notas\/var\/www\/html\/notas\/wp-content\/uploads\/2015\/02\/11008446.jpg\"><img loading=\"lazy\" decoding=\"async\" class=\"alignnone size-medium wp-image-49240\" src=\"http:\/\/www.elsindical.com.ar\/notas\/var\/www\/html\/notas\/wp-content\/uploads\/2015\/02\/11008446-216x300.jpg\" alt=\"11008446\" width=\"216\" height=\"300\" srcset=\"https:\/\/www.elsindical.com.ar\/notas\/var\/www\/html\/notas\/wp-content\/uploads\/2015\/02\/11008446-216x300.jpg 216w, https:\/\/www.elsindical.com.ar\/notas\/var\/www\/html\/notas\/wp-content\/uploads\/2015\/02\/11008446.jpg 502w\" sizes=\"auto, (max-width: 216px) 100vw, 216px\" \/><\/a>&nbsp; No sabemos a\u00fan de quien se trata, pero esta persona que se identifico solamente como m\u00e9dica de la Cl\u00ednica de la Dulce Espera en Sarand\u00ed, partido de Avellaneda, se dedic\u00f3 por varios minutos a provocar a los padres que se hab\u00edan reunido en las puertas de la cl\u00ednica para recordar su reclamo de justicia.<\/p>\n<p>Apenas llegaron los padres, casualmente sali\u00f3 esta persona que primero se ri\u00f3 al mirarlos y luego realiz\u00f3 algunos gestos, todo en un contexto provocador, como si esto no alcanzara, comenz\u00f3 a cuestionar la presencia de los padres e intercambio palabras con algunas madres, una debi\u00f3 ser contenida por la ira que le produjeron las palabras de esta supuesta m\u00e9dica.<\/p>\n<p>Al llegar la polic\u00eda, pretend\u00eda que saquen a todos los presentes y que se le garantice su seguridad, algo raro ya que nadie le imped\u00eda retirarse del lugar, incluso abri\u00f3 la puerta de su camioneta y en lugar de irse la dej\u00f3 abierta para volver a amenazar a los polic\u00edas y los presentes, como si esto fuera poco, comenz\u00f3 a filmar con su celular prometiendo denuncias varias.<\/p>\n<p>Al parecer, en la Jefatura Departamental, alguien es propenso a darles \u00abuna manito\u00bb a la cl\u00ednica y sus empleados, por lo que se le habr\u00eda tomado una denuncia inventada, y se enviaron refuerzos adem\u00e1s de concurrir al lugar el segundo jefe de la Departamental.<\/p>\n<p>Si alguien conoce a esta m\u00e9dica y nos quiere informar, podremos saber de quien se trata, repudio total a esta m\u00e9dica y a los c\u00f3mplices de estos hechos.<\/p>\n<p>La m\u00e9dica en cuesti\u00f3n ser\u00eda la cirujana Masotta, quien adem\u00e1s trabaja en el Higa Evita de Lan\u00fas.<\/p>\n<p><a href=\"http:\/\/www.elsindical.com.ar\/notas\/var\/www\/html\/notas\/wp-content\/uploads\/2015\/02\/10830909.jpg\"><img loading=\"lazy\" decoding=\"async\" class=\"alignnone size-medium wp-image-49241\" src=\"http:\/\/www.elsindical.com.ar\/notas\/var\/www\/html\/notas\/wp-content\/uploads\/2015\/02\/10830909-300x201.jpg\" alt=\"10830909\" width=\"300\" height=\"201\" srcset=\"https:\/\/www.elsindical.com.ar\/notas\/var\/www\/html\/notas\/wp-content\/uploads\/2015\/02\/10830909-300x201.jpg 300w, https:\/\/www.elsindical.com.ar\/notas\/var\/www\/html\/notas\/wp-content\/uploads\/2015\/02\/10830909-448x300.jpg 448w, https:\/\/www.elsindical.com.ar\/notas\/var\/www\/html\/notas\/wp-content\/uploads\/2015\/02\/10830909.jpg 620w\" sizes=\"auto, (max-width: 300px) 100vw, 300px\" \/><\/a><\/p>\n<p>&nbsp;<\/p>\n<p><em><strong>Por Marcelo Ricardo Hawrylciw<\/strong><\/em><\/p>\n","protected":false},"excerpt":{"rendered":"<p>&nbsp; No sabemos a\u00fan de quien se trata, pero esta persona que se identifico solamente como m\u00e9dica de la Cl\u00ednica de la Dulce Espera en Sarand\u00ed, partido de Avellaneda, se dedic\u00f3 por varios minutos a provocar a los padres que se hab\u00edan reunido en las puertas de la cl\u00ednica para recordar su reclamo de justicia.&hellip;<\/p>\n","protected":false},"author":1,"featured_media":0,"comment_status":"open","ping_status":"open","sticky":false,"template":"","format":"standard","meta":{"footnotes":""},"categories":[6],"tags":[19417,175,12004,1665],"class_list":["post-49239","post","type-post","status-publish","format-standard","hentry","category-denuncias","tag-clinica-nuestra-senora-de-la-dulce-espera","tag-denuncia","tag-jefatura-departamental-lanus","tag-medica"],"_links":{"self":[{"href":"https:\/\/www.elsindical.com.ar\/notas\/wp-json\/wp\/v2\/posts\/49239","targetHints":{"allow":["GET"]}}],"collection":[{"href":"https:\/\/www.elsindical.com.ar\/notas\/wp-json\/wp\/v2\/posts"}],"about":[{"href":"https:\/\/www.elsindical.com.ar\/notas\/wp-json\/wp\/v2\/types\/post"}],"author":[{"embeddable":true,"href":"https:\/\/www.elsindical.com.ar\/notas\/wp-json\/wp\/v2\/users\/1"}],"replies":[{"embeddable":true,"href":"https:\/\/www.elsindical.com.ar\/notas\/wp-json\/wp\/v2\/comments?post=49239"}],"version-history":[{"count":4,"href":"https:\/\/www.elsindical.com.ar\/notas\/wp-json\/wp\/v2\/posts\/49239\/revisions"}],"predecessor-version":[{"id":96286,"href":"https:\/\/www.elsindical.com.ar\/notas\/wp-json\/wp\/v2\/posts\/49239\/revisions\/96286"}],"wp:attachment":[{"href":"https:\/\/www.elsindical.com.ar\/notas\/wp-json\/wp\/v2\/media?parent=49239"}],"wp:term":[{"taxonomy":"category","embeddable":true,"href":"https:\/\/www.elsindical.com.ar\/notas\/wp-json\/wp\/v2\/categories?post=49239"},{"taxonomy":"post_tag","embeddable":true,"href":"https:\/\/www.elsindical.com.ar\/notas\/wp-json\/wp\/v2\/tags?post=49239"}],"curies":[{"name":"wp","href":"https:\/\/api.w.org\/{rel}","templated":true}]}}