{"id":49211,"date":"2015-02-16T16:11:10","date_gmt":"2015-02-16T19:11:10","guid":{"rendered":"http:\/\/www.elsindical.com.ar\/notas\/?p=49211"},"modified":"2015-02-16T16:11:10","modified_gmt":"2015-02-16T19:11:10","slug":"el-cuerpo-hallado-frente-a-la-casa-de-nisman-es-de-una-mujer-el-caso-fue-caratulado-como-muerte-dudosa","status":"publish","type":"post","link":"https:\/\/www.elsindical.com.ar\/notas\/el-cuerpo-hallado-frente-a-la-casa-de-nisman-es-de-una-mujer-el-caso-fue-caratulado-como-muerte-dudosa\/","title":{"rendered":"El cuerpo hallado frente a la casa de Nisman es de una mujer: el caso fue caratulado como \u00abmuerte dudosa\u00bb"},"content":{"rendered":"<p><em><a href=\"http:\/\/www.elsindical.com.ar\/notas\/var\/www\/html\/notas\/wp-content\/uploads\/2015\/02\/cuerpo-quemado-Recoleta.jpg\"><img loading=\"lazy\" decoding=\"async\" class=\"alignnone size-medium wp-image-49212\" src=\"http:\/\/www.elsindical.com.ar\/notas\/var\/www\/html\/notas\/wp-content\/uploads\/2015\/02\/cuerpo-quemado-Recoleta-300x169.jpg\" alt=\"cuerpo-quemado-Recoleta\" width=\"300\" height=\"169\" srcset=\"https:\/\/www.elsindical.com.ar\/notas\/var\/www\/html\/notas\/wp-content\/uploads\/2015\/02\/cuerpo-quemado-Recoleta-300x169.jpg 300w, https:\/\/www.elsindical.com.ar\/notas\/var\/www\/html\/notas\/wp-content\/uploads\/2015\/02\/cuerpo-quemado-Recoleta-500x282.jpg 500w, https:\/\/www.elsindical.com.ar\/notas\/var\/www\/html\/notas\/wp-content\/uploads\/2015\/02\/cuerpo-quemado-Recoleta.jpg 531w\" sizes=\"auto, (max-width: 300px) 100vw, 300px\" \/><\/a>La fiscal Graciela Bugeiro evit\u00f3 inclinarse por una hip\u00f3tesis y puso esa car\u00e1tula a la investigaci\u00f3n. El SAME asegur\u00f3 que el muerto fue <b>electrocutado<\/b>, pero en el lugar encontraron un <b>bid\u00f3n con nafta<\/b>.<\/em><\/p>\n<p>Poco se sabe todav\u00eda acerca del cad\u00e1ver que apareci\u00f3 quemado junto a una subestaci\u00f3n el\u00e9ctrica frente al edificio en el que viv\u00eda <b>Alberto Nisman<\/b>. El titular del SAME, <b>Alberto Crescenti<\/b>, asegur\u00f3 que se trat\u00f3 de una electrocuci\u00f3n. Sin embargo, la empresa Edesur neg\u00f3 que la muerte se haya producido por una falla el\u00e9ctrica. Al misterio se suma el hecho de que en el lugar fueron hallados un bid\u00f3n con rastros de combustible y una botella de alcohol et\u00edlico.<\/p>\n<p>Ante ese panorama, la fiscal a cargo del caso, Graciela Bugeiro, decidi\u00f3 caratular la investigaci\u00f3n como \u00ab<b>muerte dudosa<\/b>\u00ab, seg\u00fan consign\u00f3 la agencia de noticias <i>DyN<\/i>.<\/p>\n<p>El domingo a las 2:40 de la madrugada, un vecino llam\u00f3 al 911 para advertir que una persona era atacada por las llamas junto a la subestaci\u00f3n el\u00e9ctrica N\u00ba89 en la plazoleta ubicada en la <b>Plaza de las Mujeres<\/b>, en el cruce de la avenida Marta Lynch y avenida de los Italianos. Hasta ese lugar acudieron el SAME y los bomberos, donde se encontraron con un cuerpo completamente quemado.<\/p>\n<p>El efecto de las llamas hab\u00eda sido tal que durante m\u00e1s de <b>24 horas<\/b> no se pudo determinar ni siquiera el sexo de la v\u00edctima. Este mediod\u00eda, la agencia de noticias inform\u00f3 que se trata de una mujer de 1,65m. de altura. Por el fuego, ni siquiera se pudo determinar si llevaba ropa puesta.<\/p>\n<p>Hasta el momento, nadie confirm\u00f3 ni descart\u00f3 que el hecho pueda estar vinculado con la muerte del fiscal Nisman. Pero los interrogantes alrededor del caso ya son m\u00faltiples: \u00bfla muerte fue un asesinato, un suicidio o tan s\u00f3lo un accidente?, \u00bffue causada por una electrocuci\u00f3n o alguien prendi\u00f3 un fuego intencionalmente?, \u00bfel cuerpo era un mensaje para quienes investigan el deceso del fiscal general del caso AMIA?<\/p>\n<p>Esta semana, la investigaci\u00f3n no s\u00f3lo de la muerte del fiscal, sino tambi\u00e9n de su denuncia contra Cristina Kirchner y funcionarios del Gobierno podr\u00edan tener importantes novedades. En la causa que investiga su deceso, la fiscal Viviana Fein recibir\u00e1 este mi\u00e9rcoles los estudios toxicol\u00f3gicos que determinar\u00e1n si ten\u00eda alguna sustancia en el cuerpo al momento de su muerte. En estos d\u00edas podr\u00eda tambi\u00e9n recibir nuevas pericias sobre el disparo que termin\u00f3 con su vida. Los resultados podr\u00edan inclinar la balanza para definir si fue asesinado o su muerte fue consecuencia de un suicidio.<\/p>\n<p>Este mi\u00e9rcoles, adem\u00e1s, el juez <b>Daniel Rafecas<\/b> volver\u00e1 a su puesto tras haber suspendido sus vacaciones luego de que el fiscal Gerardo Pollicita solicitara imputar a la presidente Cristina Kirchner y algunos de sus funcionarios por un presunto plan para exonerar a los iran\u00edes acusados por el atentado a la AMIA. El magistrado dar\u00e1 visto a la solicitud y analizar\u00e1 si le da curso.<\/p>\n<p>Ese mismo d\u00eda se cumplir\u00e1 tambi\u00e9n el primer mes de la muerte del fiscal a cargo de investigar el atentado terrorista que dej\u00f3 85 muertos en 1994. Familiares, amigos, fiscales, jueces, integrantes de la oposici\u00f3n y p\u00fablico en general convocan para ese d\u00eda a una marcha del silencio, que ir\u00e1 de la Plaza del Congreso hasta la sede de la UFI\/AMIA frente a Plaza de Mayo.<\/p>\n","protected":false},"excerpt":{"rendered":"<p>La fiscal Graciela Bugeiro evit\u00f3 inclinarse por una hip\u00f3tesis y puso esa car\u00e1tula a la investigaci\u00f3n. El SAME asegur\u00f3 que el muerto fue electrocutado, pero en el lugar encontraron un bid\u00f3n con nafta. Poco se sabe todav\u00eda acerca del cad\u00e1ver que apareci\u00f3 quemado junto a una subestaci\u00f3n el\u00e9ctrica frente al edificio en el que viv\u00eda&hellip;<\/p>\n","protected":false},"author":1,"featured_media":0,"comment_status":"open","ping_status":"open","sticky":false,"template":"","format":"standard","meta":{"footnotes":""},"categories":[22],"tags":[5370,475,20740,3302,2499],"class_list":["post-49211","post","type-post","status-publish","format-standard","hentry","category-policiales","tag-alberto-crescenti","tag-amia","tag-fiscal-alberto-nisman","tag-recoleta","tag-same"],"_links":{"self":[{"href":"https:\/\/www.elsindical.com.ar\/notas\/wp-json\/wp\/v2\/posts\/49211","targetHints":{"allow":["GET"]}}],"collection":[{"href":"https:\/\/www.elsindical.com.ar\/notas\/wp-json\/wp\/v2\/posts"}],"about":[{"href":"https:\/\/www.elsindical.com.ar\/notas\/wp-json\/wp\/v2\/types\/post"}],"author":[{"embeddable":true,"href":"https:\/\/www.elsindical.com.ar\/notas\/wp-json\/wp\/v2\/users\/1"}],"replies":[{"embeddable":true,"href":"https:\/\/www.elsindical.com.ar\/notas\/wp-json\/wp\/v2\/comments?post=49211"}],"version-history":[{"count":1,"href":"https:\/\/www.elsindical.com.ar\/notas\/wp-json\/wp\/v2\/posts\/49211\/revisions"}],"predecessor-version":[{"id":49213,"href":"https:\/\/www.elsindical.com.ar\/notas\/wp-json\/wp\/v2\/posts\/49211\/revisions\/49213"}],"wp:attachment":[{"href":"https:\/\/www.elsindical.com.ar\/notas\/wp-json\/wp\/v2\/media?parent=49211"}],"wp:term":[{"taxonomy":"category","embeddable":true,"href":"https:\/\/www.elsindical.com.ar\/notas\/wp-json\/wp\/v2\/categories?post=49211"},{"taxonomy":"post_tag","embeddable":true,"href":"https:\/\/www.elsindical.com.ar\/notas\/wp-json\/wp\/v2\/tags?post=49211"}],"curies":[{"name":"wp","href":"https:\/\/api.w.org\/{rel}","templated":true}]}}