{"id":49107,"date":"2015-02-10T14:22:56","date_gmt":"2015-02-10T17:22:56","guid":{"rendered":"http:\/\/www.elsindical.com.ar\/notas\/?p=49107"},"modified":"2015-02-10T14:22:56","modified_gmt":"2015-02-10T17:22:56","slug":"los-vecinos-frenaron-una-obra-de-ferraresi-en-gerli","status":"publish","type":"post","link":"https:\/\/www.elsindical.com.ar\/notas\/los-vecinos-frenaron-una-obra-de-ferraresi-en-gerli\/","title":{"rendered":"Los vecinos frenaron una obra de Ferraresi en Gerli"},"content":{"rendered":"<p><em><a href=\"http:\/\/www.elsindical.com.ar\/notas\/var\/www\/html\/notas\/wp-content\/uploads\/2015\/02\/10959885.jpg\"><img loading=\"lazy\" decoding=\"async\" class=\"alignnone size-medium wp-image-49108\" src=\"http:\/\/www.elsindical.com.ar\/notas\/var\/www\/html\/notas\/wp-content\/uploads\/2015\/02\/10959885-300x225.jpg\" alt=\"10959885\" width=\"300\" height=\"225\" srcset=\"https:\/\/www.elsindical.com.ar\/notas\/var\/www\/html\/notas\/wp-content\/uploads\/2015\/02\/10959885-300x225.jpg 300w, https:\/\/www.elsindical.com.ar\/notas\/var\/www\/html\/notas\/wp-content\/uploads\/2015\/02\/10959885-400x300.jpg 400w, https:\/\/www.elsindical.com.ar\/notas\/var\/www\/html\/notas\/wp-content\/uploads\/2015\/02\/10959885.jpg 620w\" sizes=\"auto, (max-width: 300px) 100vw, 300px\" \/><\/a>La Asamblea vecinal de Gerli, junto a otros vecinos que se fueron sumando consiguieron que el intendente Jorge Ferraresi desistiera de la construcci\u00f3n de un nuevo jard\u00edn en donde funcion\u00f3 siempre una plaza de juegos.<\/em><\/p>\n<p>Un emprendimiento que intent\u00f3 llevar adelante el intendente Jorge Ferraresi en un club del barrio de Gerli, encontr\u00f3 una f\u00e9rrea oposici\u00f3n vecinal, ya que en el lugar funcionaba el \u00fanico paseo de juegos de la zona, y el jard\u00edn que se intentaba construir no ten\u00eda importancia para los vecinos, ya que a metros funciona uno, con lo cual su construcci\u00f3n no era una prioridad para los vecinos.<\/p>\n<p>En la reuni\u00f3n con el ingeniero y Secretario de Obras P\u00fablicas Ariel Lambezat, los funcionarios omitieron informar que empresa iba a ser la beneficiada con la licitaci\u00f3n que ronda los 8 millones de pesos, algo que los vecinos tienen derecho a saber.<\/p>\n<p>Hubo acusaciones y oportunismo pol\u00edtico de algunos sectores, la presencia de la concejal Miriam Grai\u00f1o despert\u00f3 muchas dudas y sospechas, ya que no suele ocuparse de los asuntos vecinales personalmente.<\/p>\n<p>Al final el jard\u00edn no se construye. Ante versiones de que el intendente dejar\u00eda el lugar tal como qued\u00f3, los vecinos preparan marchas para pedir por la restauraci\u00f3n de la plaza de juegos.<\/p>\n<p><a href=\"http:\/\/www.elsindical.com.ar\/notas\/var\/www\/html\/notas\/wp-content\/uploads\/2015\/02\/10429458.jpg\"><img loading=\"lazy\" decoding=\"async\" class=\"alignnone size-medium wp-image-49109\" src=\"http:\/\/www.elsindical.com.ar\/notas\/var\/www\/html\/notas\/wp-content\/uploads\/2015\/02\/10429458-240x300.jpg\" alt=\"10429458\" width=\"240\" height=\"300\" srcset=\"https:\/\/www.elsindical.com.ar\/notas\/var\/www\/html\/notas\/wp-content\/uploads\/2015\/02\/10429458-240x300.jpg 240w, https:\/\/www.elsindical.com.ar\/notas\/var\/www\/html\/notas\/wp-content\/uploads\/2015\/02\/10429458.jpg 620w\" sizes=\"auto, (max-width: 240px) 100vw, 240px\" \/><\/a><\/p>\n","protected":false},"excerpt":{"rendered":"<p>La Asamblea vecinal de Gerli, junto a otros vecinos que se fueron sumando consiguieron que el intendente Jorge Ferraresi desistiera de la construcci\u00f3n de un nuevo jard\u00edn en donde funcion\u00f3 siempre una plaza de juegos. Un emprendimiento que intent\u00f3 llevar adelante el intendente Jorge Ferraresi en un club del barrio de Gerli, encontr\u00f3 una f\u00e9rrea&hellip;<\/p>\n","protected":false},"author":1,"featured_media":0,"comment_status":"open","ping_status":"open","sticky":false,"template":"","format":"standard","meta":{"footnotes":""},"categories":[13],"tags":[20832,20831,3768,1062,15336,20833],"class_list":["post-49107","post","type-post","status-publish","format-standard","hentry","category-politica","tag-ariel-lambezat","tag-asamblea-vecinal-de-gerli","tag-jardin-de-infantes","tag-jorge-ferraresi","tag-miriam-graino","tag-plaza-de-juegos"],"_links":{"self":[{"href":"https:\/\/www.elsindical.com.ar\/notas\/wp-json\/wp\/v2\/posts\/49107","targetHints":{"allow":["GET"]}}],"collection":[{"href":"https:\/\/www.elsindical.com.ar\/notas\/wp-json\/wp\/v2\/posts"}],"about":[{"href":"https:\/\/www.elsindical.com.ar\/notas\/wp-json\/wp\/v2\/types\/post"}],"author":[{"embeddable":true,"href":"https:\/\/www.elsindical.com.ar\/notas\/wp-json\/wp\/v2\/users\/1"}],"replies":[{"embeddable":true,"href":"https:\/\/www.elsindical.com.ar\/notas\/wp-json\/wp\/v2\/comments?post=49107"}],"version-history":[{"count":1,"href":"https:\/\/www.elsindical.com.ar\/notas\/wp-json\/wp\/v2\/posts\/49107\/revisions"}],"predecessor-version":[{"id":49110,"href":"https:\/\/www.elsindical.com.ar\/notas\/wp-json\/wp\/v2\/posts\/49107\/revisions\/49110"}],"wp:attachment":[{"href":"https:\/\/www.elsindical.com.ar\/notas\/wp-json\/wp\/v2\/media?parent=49107"}],"wp:term":[{"taxonomy":"category","embeddable":true,"href":"https:\/\/www.elsindical.com.ar\/notas\/wp-json\/wp\/v2\/categories?post=49107"},{"taxonomy":"post_tag","embeddable":true,"href":"https:\/\/www.elsindical.com.ar\/notas\/wp-json\/wp\/v2\/tags?post=49107"}],"curies":[{"name":"wp","href":"https:\/\/api.w.org\/{rel}","templated":true}]}}