{"id":4908,"date":"2010-03-25T15:28:28","date_gmt":"2010-03-25T18:28:28","guid":{"rendered":"http:\/\/www.elsindical.com.ar\/notas\/?p=4908"},"modified":"2010-03-25T15:28:28","modified_gmt":"2010-03-25T18:28:28","slug":"barrio-norte-basura-acumulada","status":"publish","type":"post","link":"https:\/\/www.elsindical.com.ar\/notas\/barrio-norte-basura-acumulada\/","title":{"rendered":"Barrio Norte: Basura acumulada"},"content":{"rendered":"<p style=\"text-align: justify;\">\u00a0\u00a0\u00a0<a href=\"http:\/\/www.elsindical.com.ar\/notas\/var\/www\/html\/notas\/wp-content\/uploads\/2010\/03\/Basura-acumulada-Barrio-Nor.jpg\"><img loading=\"lazy\" decoding=\"async\" class=\"alignleft size-medium wp-image-4909\" title=\"Basura-acumulada-Barrio-Nor\" src=\"http:\/\/www.elsindical.com.ar\/notas\/var\/www\/html\/notas\/wp-content\/uploads\/2010\/03\/Basura-acumulada-Barrio-Nor-300x201.jpg\" alt=\"\" width=\"300\" height=\"201\" srcset=\"https:\/\/www.elsindical.com.ar\/notas\/var\/www\/html\/notas\/wp-content\/uploads\/2010\/03\/Basura-acumulada-Barrio-Nor-300x201.jpg 300w, https:\/\/www.elsindical.com.ar\/notas\/var\/www\/html\/notas\/wp-content\/uploads\/2010\/03\/Basura-acumulada-Barrio-Nor.jpg 413w\" sizes=\"auto, (max-width: 300px) 100vw, 300px\" \/><\/a> <em>Mientras el Gobierno de la Ciudad, ajusta las atrifas de ABL, y se realizan pegatinas advirtiendo de no sacar la basura en d\u00edas de lluvia, existen en el \u00e1mbito de la Ciudad, esquinas donde la basura se acumula por d\u00edas.<\/em><\/p>\n<p style=\"text-align: justify;\">Un ejemplo de que la basura no solo se acumula en barrios perif\u00e9ricos de la ciudad o de case media baja, lo tenemos en pleno Barrio Norte, exactamente en la esquina formada por la intersecci\u00f3n de las calles Laprida y Paraguay, donde la basura incluso obstruye una de las rampas para discapacitados, que tambi\u00e9n suelen utilizar las madres con los carritos de los beb\u00e9s.<\/p>\n","protected":false},"excerpt":{"rendered":"<p>\u00a0\u00a0\u00a0 Mientras el Gobierno de la Ciudad, ajusta las atrifas de ABL, y se realizan pegatinas advirtiendo de no sacar la basura en d\u00edas de lluvia, existen en el \u00e1mbito de la Ciudad, esquinas donde la basura se acumula por d\u00edas. Un ejemplo de que la basura no solo se acumula en barrios perif\u00e9ricos de&hellip;<\/p>\n","protected":false},"author":1,"featured_media":0,"comment_status":"open","ping_status":"open","sticky":false,"template":"","format":"standard","meta":{"footnotes":""},"categories":[6],"tags":[2381,2568,1536,2569,76,2560],"class_list":["post-4908","post","type-post","status-publish","format-standard","hentry","category-denuncias","tag-abl","tag-barrio-norte","tag-basura","tag-lluvia","tag-mauricio-macri","tag-rampa-discapacitados"],"_links":{"self":[{"href":"https:\/\/www.elsindical.com.ar\/notas\/wp-json\/wp\/v2\/posts\/4908","targetHints":{"allow":["GET"]}}],"collection":[{"href":"https:\/\/www.elsindical.com.ar\/notas\/wp-json\/wp\/v2\/posts"}],"about":[{"href":"https:\/\/www.elsindical.com.ar\/notas\/wp-json\/wp\/v2\/types\/post"}],"author":[{"embeddable":true,"href":"https:\/\/www.elsindical.com.ar\/notas\/wp-json\/wp\/v2\/users\/1"}],"replies":[{"embeddable":true,"href":"https:\/\/www.elsindical.com.ar\/notas\/wp-json\/wp\/v2\/comments?post=4908"}],"version-history":[{"count":2,"href":"https:\/\/www.elsindical.com.ar\/notas\/wp-json\/wp\/v2\/posts\/4908\/revisions"}],"predecessor-version":[{"id":4911,"href":"https:\/\/www.elsindical.com.ar\/notas\/wp-json\/wp\/v2\/posts\/4908\/revisions\/4911"}],"wp:attachment":[{"href":"https:\/\/www.elsindical.com.ar\/notas\/wp-json\/wp\/v2\/media?parent=4908"}],"wp:term":[{"taxonomy":"category","embeddable":true,"href":"https:\/\/www.elsindical.com.ar\/notas\/wp-json\/wp\/v2\/categories?post=4908"},{"taxonomy":"post_tag","embeddable":true,"href":"https:\/\/www.elsindical.com.ar\/notas\/wp-json\/wp\/v2\/tags?post=4908"}],"curies":[{"name":"wp","href":"https:\/\/api.w.org\/{rel}","templated":true}]}}