{"id":49046,"date":"2015-02-06T01:20:02","date_gmt":"2015-02-06T04:20:02","guid":{"rendered":"http:\/\/www.elsindical.com.ar\/notas\/?p=49046"},"modified":"2015-02-06T01:20:02","modified_gmt":"2015-02-06T04:20:02","slug":"ferraresi-peor-que-pinocho","status":"publish","type":"post","link":"https:\/\/www.elsindical.com.ar\/notas\/ferraresi-peor-que-pinocho\/","title":{"rendered":"Ferraresi, peor que Pinocho"},"content":{"rendered":"<p><a href=\"http:\/\/www.elsindical.com.ar\/notas\/var\/www\/html\/notas\/wp-content\/uploads\/2015\/02\/Ferra-y-EDESUR.jpg\"><img loading=\"lazy\" decoding=\"async\" class=\"alignnone size-medium wp-image-49047\" src=\"http:\/\/www.elsindical.com.ar\/notas\/var\/www\/html\/notas\/wp-content\/uploads\/2015\/02\/Ferra-y-EDESUR-300x186.jpg\" alt=\"Ferra-y-EDESUR\" width=\"300\" height=\"186\" srcset=\"https:\/\/www.elsindical.com.ar\/notas\/var\/www\/html\/notas\/wp-content\/uploads\/2015\/02\/Ferra-y-EDESUR-300x186.jpg 300w, https:\/\/www.elsindical.com.ar\/notas\/var\/www\/html\/notas\/wp-content\/uploads\/2015\/02\/Ferra-y-EDESUR-483x300.jpg 483w, https:\/\/www.elsindical.com.ar\/notas\/var\/www\/html\/notas\/wp-content\/uploads\/2015\/02\/Ferra-y-EDESUR.jpg 620w\" sizes=\"auto, (max-width: 300px) 100vw, 300px\" \/><\/a>El d\u00eda 5 de febrero el municipio de Avellaneda, emiti\u00f3 para los medios un comunicado de prensa sobre una reuni\u00f3n que mantuvo el intendente Jorge Ferraresi y el Gerente General de EDESUR S.A., Antonio Jer\u00e9z Agudo, el que estuvo acompa\u00f1ado por otros directivos de la empresa.<\/p>\n<p>Reproducimos la mentira del municipio textualmente:<\/p>\n<p><em><strong>\u00abEn la reuni\u00f3n se destac\u00f3 el buen funcionamiento del servicio a comparaci\u00f3n del a\u00f1o anterior y los trabajos mancomunados entre la empresa y el municipio. Adem\u00e1s se remarc\u00f3 que en Avellaneda se sigue invirtiendo en obras para que cada vecino tenga mejor calidad de vida.\u00bb<\/strong><\/em><\/p>\n<p>Justamente a las 21:30 hs. en Gerli, sufrimos un corte de energ\u00eda el\u00e9ctrica que dur\u00f3 hasta las 00:15 hs. siendo el corte 11 desde enero del 2015, cu\u00e1l es la mejora del servicio?.<\/p>\n<p>Ferraresi, un consejo, deja de rodearte de aduladores y mediocres, las puteadas de los vecinos terminan en vos.<\/p>\n<p>&nbsp;<\/p>\n<p>Por Marcelo Ricardo Hawrylciw<\/p>\n<p>&nbsp;<\/p>\n","protected":false},"excerpt":{"rendered":"<p>El d\u00eda 5 de febrero el municipio de Avellaneda, emiti\u00f3 para los medios un comunicado de prensa sobre una reuni\u00f3n que mantuvo el intendente Jorge Ferraresi y el Gerente General de EDESUR S.A., Antonio Jer\u00e9z Agudo, el que estuvo acompa\u00f1ado por otros directivos de la empresa. Reproducimos la mentira del municipio textualmente: \u00abEn la reuni\u00f3n&hellip;<\/p>\n","protected":false},"author":1,"featured_media":0,"comment_status":"open","ping_status":"open","sticky":false,"template":"","format":"standard","meta":{"footnotes":""},"categories":[13],"tags":[20812,461,3965,1062],"class_list":["post-49046","post","type-post","status-publish","format-standard","hentry","category-politica","tag-antonio-jerez-agudo","tag-avellaneda","tag-edesur-s-a","tag-jorge-ferraresi"],"_links":{"self":[{"href":"https:\/\/www.elsindical.com.ar\/notas\/wp-json\/wp\/v2\/posts\/49046","targetHints":{"allow":["GET"]}}],"collection":[{"href":"https:\/\/www.elsindical.com.ar\/notas\/wp-json\/wp\/v2\/posts"}],"about":[{"href":"https:\/\/www.elsindical.com.ar\/notas\/wp-json\/wp\/v2\/types\/post"}],"author":[{"embeddable":true,"href":"https:\/\/www.elsindical.com.ar\/notas\/wp-json\/wp\/v2\/users\/1"}],"replies":[{"embeddable":true,"href":"https:\/\/www.elsindical.com.ar\/notas\/wp-json\/wp\/v2\/comments?post=49046"}],"version-history":[{"count":1,"href":"https:\/\/www.elsindical.com.ar\/notas\/wp-json\/wp\/v2\/posts\/49046\/revisions"}],"predecessor-version":[{"id":49048,"href":"https:\/\/www.elsindical.com.ar\/notas\/wp-json\/wp\/v2\/posts\/49046\/revisions\/49048"}],"wp:attachment":[{"href":"https:\/\/www.elsindical.com.ar\/notas\/wp-json\/wp\/v2\/media?parent=49046"}],"wp:term":[{"taxonomy":"category","embeddable":true,"href":"https:\/\/www.elsindical.com.ar\/notas\/wp-json\/wp\/v2\/categories?post=49046"},{"taxonomy":"post_tag","embeddable":true,"href":"https:\/\/www.elsindical.com.ar\/notas\/wp-json\/wp\/v2\/tags?post=49046"}],"curies":[{"name":"wp","href":"https:\/\/api.w.org\/{rel}","templated":true}]}}