{"id":490,"date":"2009-09-22T00:15:55","date_gmt":"2009-09-22T03:15:55","guid":{"rendered":"http:\/\/www.elsindical.com.ar\/notas\/?p=490"},"modified":"2009-09-22T00:15:55","modified_gmt":"2009-09-22T03:15:55","slug":"efemeridesdel-dia-22-de-septiembre","status":"publish","type":"post","link":"https:\/\/www.elsindical.com.ar\/notas\/efemeridesdel-dia-22-de-septiembre\/","title":{"rendered":"EFEM\u00c9RIDES:DEL D\u00cdA 22 DE SEPTIEMBRE"},"content":{"rendered":"<p style=\"text-align: justify;\">En un 22 de septiembre como hoy, pero de 1991, los presidentes de Chile y M\u00e9xico, Aylwin y Salinas de Gortari, firman en Santiago de Chile un Tratado de Libre Comercio, que da paso a un proceso econ\u00f3mico sin precedentes en Iberoam\u00e9rica.<\/p>\n<p style=\"text-align: justify;\">Otras efem\u00e9rides: 1609- Se ordena la expulsi\u00f3n de los moriscos en Valencia.<\/p>\n<p style=\"text-align: justify;\">1791- Nace Michael Faraday, f\u00edsico y qu\u00edmico ingl\u00e9s.<\/p>\n<p style=\"text-align: justify;\">1812- Guerra de la independencia: Las Cortes espa\u00f1olas confieren al duque de Wellington el mando supremo de todos los Ej\u00e9rcitos espa\u00f1oles.<\/p>\n<p style=\"text-align: justify;\">1829- Se firma en Guayaquil (Ecuador) el tratado de Paz que fija los l\u00edmites entre Colombia y Per\u00fa.<\/p>\n<p style=\"text-align: justify;\">1862- Otto Von Bismarck es nombrado presidente del Gobierno alem\u00e1n y se reserva el Ministerio de Asuntos Exteriores.<\/p>\n<p style=\"text-align: justify;\">1866- Brillante victoria de los paraguayos en Curupaity frente a las tropas de la Triple Alianza, mandadas por Bartolom\u00e9 Mitre.<\/p>\n<p style=\"text-align: justify;\">1868- Estalla un movimiento insurreccional en Puerto Rico que es reprimido por el Ej\u00e9rcito espa\u00f1ol.<\/p>\n<p style=\"text-align: justify;\">1912- Desembarcan en Samos 350 guerrilleros cretenses que llaman al alzamiento contra Turqu\u00eda.<\/p>\n<p style=\"text-align: justify;\">1914- El submarino se convierte en un arma mort\u00edfera de guerra, tras hundir el alem\u00e1n \u00abU-9\u00bb a tres cruceros acorazados ingleses, cerca de Ostende.<\/p>\n<p style=\"text-align: justify;\">1919- Los aliados proh\u00edben la uni\u00f3n de Austria con Alemania.<\/p>\n<p style=\"text-align: justify;\">1926- Un hurac\u00e1n causa al menos 150 muertos y 500 heridos en Encarnaci\u00f3n (Paraguay).<\/p>\n<p style=\"text-align: justify;\">1928- El m\u00e9dico y bacteri\u00f3logo brit\u00e1nico Alexander Fleming descubre una sustancia a la que llama \u00abpenicilina\u00bb, de gran poder de difusi\u00f3n y que contrarresta los estreptococos.<\/p>\n<p style=\"text-align: justify;\">1930- Fracasa en Chile un movimiento revolucionario acaudillado por el general Enrique Bravo Ortiz.<\/p>\n<p style=\"text-align: justify;\">1932- Nace Juan Garc\u00eda Ponce, dramaturgo mexicano.<\/p>\n<p style=\"text-align: justify;\">&#8211; El pr\u00edncipe Abdelaziz Al Saud es proclamado rey de Arabia Saud\u00ed por el Consejo de Notables.<\/p>\n<p style=\"text-align: justify;\">1946- Iberia inaugura su primer vuelo entre Europa y Am\u00e9rica del Sur, un trayecto entre Madrid y Buenos Aires.<\/p>\n<p style=\"text-align: justify;\">1948- Se constituye en Gaza un Gobierno de toda Palestina, presidido por el Mufti de Jerusal\u00e9n.<\/p>\n<p style=\"text-align: justify;\">1950- Se concede el Premio Nobel de la Paz a Ralph Bunche, por su actuaci\u00f3n como mediador de la ONU en Palestina.<\/p>\n<p style=\"text-align: justify;\">1953- Nace S\u00e9gol\u00e8ne Royal, socialista francesa.<\/p>\n<p style=\"text-align: justify;\">1957- Francois Duvalier gana por amplia mayor\u00eda las elecciones presidenciales de la Rep\u00fablica de Hait\u00ed.<\/p>\n<p style=\"text-align: justify;\">1958- Fidel Castro declara que no aceptar\u00e1 la \u00abfarsa electoral\u00bb del presidente cubano Batista.<\/p>\n<p style=\"text-align: justify;\">&#8211; Nace Andrea Bocelli, cantante italiano.<\/p>\n<p style=\"text-align: justify;\">1967- Nace F\u00e9lix Savon, p\u00fagil cubano.<\/p>\n<p style=\"text-align: justify;\">1972- El presidente chileno Salvador Allende nacionaliza la multinacional ITT.<\/p>\n<p style=\"text-align: justify;\">&#8211; Per\u00f3n es excluido de las elecciones argentinas por no regresar al pa\u00eds en el plazo estipulado.<\/p>\n<p style=\"text-align: justify;\">1975- El presidente estadounidense Gerald Ford sale ileso del atentado de un ama de casa, aparentemente enajenada, que le dispar\u00f3 en San Francisco (EEUU).<\/p>\n<p style=\"text-align: justify;\">1976- Nace Ronaldo, futbolista brasile\u00f1o.<\/p>\n<p style=\"text-align: justify;\">1980- Irak invade Ir\u00e1n, y desata el comienzo de la guerra entre los dos pa\u00edses, que se disputan el control de Chatt el Arab, una de las principales v\u00edas de salida de crudo en Oriente Medio.<\/p>\n<p style=\"text-align: justify;\">&#8211; Lech Walesa es elegido presidente del sindicato polaco independiente Solidaridad, el cual ser\u00e1 registrado oficialmente en octubre posterior.<\/p>\n<p style=\"text-align: justify;\">1987- Hirohito es intervenido de una dolencia intestinal y es el primer emperador japon\u00e9s que acepta una transfusi\u00f3n de sangre ajena.<\/p>\n<p style=\"text-align: justify;\">1988- El pr\u00edncipe Akihito, primog\u00e9nito del emperador Hirohito de Jap\u00f3n, que se halla en estado grave, asume plenamente las funciones de Regencia.<\/p>\n<p style=\"text-align: justify;\">1989- Fallece Irving Berlin, compositor estadounidense.<\/p>\n<p style=\"text-align: justify;\">2001- Fallece Isaac Stern, violinista ruso nacionalizado estadounidense.<\/p>\n<p style=\"text-align: justify;\">2002- La coalici\u00f3n gubernamental del SPD y Los Verdes revalidan su mayor\u00eda en las elecciones generales en Alemania.<\/p>\n<p style=\"text-align: justify;\">2003- El holand\u00e9s Jaap de Hopp Scheffer es nombrado nuevo secretario general de la OTAN.<\/p>\n<p style=\"text-align: justify;\">2004- La cantante mexicana Gloria Trevi sale de la c\u00e1rcel tras cinco a\u00f1os acusada de rapto y corrupci\u00f3n de menores.<\/p>\n<p style=\"text-align: justify;\">2005- La Asamblea Nacional nicarag\u00fcense desafuera al ministro de Gobernaci\u00f3n, Julio Vega, y al viceministro de Agropecuaria, Mario Salvo, por presunta financiaci\u00f3n ilegal de su campa\u00f1a.<\/p>\n<p style=\"text-align: justify;\">2006- El Gobierno espa\u00f1ol y la Iglesia acuerdan un nuevo modelo de financiaci\u00f3n a trav\u00e9s del impuesto sobre la renta de personas f\u00edsicas.<\/p>\n<p style=\"text-align: justify;\">&#8211; Veintitr\u00e9s muertos al colisionar en Alemania el tren de alta velocidad Transrapid con un vag\u00f3n t\u00e9cnico.<\/p>\n<p style=\"text-align: justify;\">2007- Fallece Marcel Marceau, mimo franc\u00e9s.<\/p>\n<p style=\"text-align: justify;\">2008- La Reserva Federal estadounidense aprueba la transformaci\u00f3n de los bancos de inversiones Goldman Sachs y Morgan Stanley en bancos comerciales.<\/p>\n<p style=\"text-align: justify;\">&#8211; Un coche-bomba de ETA causa la muerte del brigada Luis Conde de la Cruz, en Santo\u00f1a (Cantabria, Espa\u00f1a).<\/p>\n","protected":false},"excerpt":{"rendered":"<p>En un 22 de septiembre como hoy, pero de 1991, los presidentes de Chile y M\u00e9xico, Aylwin y Salinas de Gortari, firman en Santiago de Chile un Tratado de Libre Comercio, que da paso a un proceso econ\u00f3mico sin precedentes en Iberoam\u00e9rica. Otras efem\u00e9rides: 1609- Se ordena la expulsi\u00f3n de los moriscos en Valencia. 1791-&hellip;<\/p>\n","protected":false},"author":1,"featured_media":0,"comment_status":"open","ping_status":"open","sticky":false,"template":"","format":"standard","meta":{"footnotes":""},"categories":[14],"tags":[],"class_list":["post-490","post","type-post","status-publish","format-standard","hentry","category-efemerides"],"_links":{"self":[{"href":"https:\/\/www.elsindical.com.ar\/notas\/wp-json\/wp\/v2\/posts\/490","targetHints":{"allow":["GET"]}}],"collection":[{"href":"https:\/\/www.elsindical.com.ar\/notas\/wp-json\/wp\/v2\/posts"}],"about":[{"href":"https:\/\/www.elsindical.com.ar\/notas\/wp-json\/wp\/v2\/types\/post"}],"author":[{"embeddable":true,"href":"https:\/\/www.elsindical.com.ar\/notas\/wp-json\/wp\/v2\/users\/1"}],"replies":[{"embeddable":true,"href":"https:\/\/www.elsindical.com.ar\/notas\/wp-json\/wp\/v2\/comments?post=490"}],"version-history":[{"count":2,"href":"https:\/\/www.elsindical.com.ar\/notas\/wp-json\/wp\/v2\/posts\/490\/revisions"}],"predecessor-version":[{"id":492,"href":"https:\/\/www.elsindical.com.ar\/notas\/wp-json\/wp\/v2\/posts\/490\/revisions\/492"}],"wp:attachment":[{"href":"https:\/\/www.elsindical.com.ar\/notas\/wp-json\/wp\/v2\/media?parent=490"}],"wp:term":[{"taxonomy":"category","embeddable":true,"href":"https:\/\/www.elsindical.com.ar\/notas\/wp-json\/wp\/v2\/categories?post=490"},{"taxonomy":"post_tag","embeddable":true,"href":"https:\/\/www.elsindical.com.ar\/notas\/wp-json\/wp\/v2\/tags?post=490"}],"curies":[{"name":"wp","href":"https:\/\/api.w.org\/{rel}","templated":true}]}}