{"id":48914,"date":"2015-01-30T15:23:59","date_gmt":"2015-01-30T18:23:59","guid":{"rendered":"http:\/\/www.elsindical.com.ar\/notas\/?p=48914"},"modified":"2015-01-30T15:23:59","modified_gmt":"2015-01-30T18:23:59","slug":"derrame-de-brea-en-la-general-paz-mas-de-30-autos-afectados","status":"publish","type":"post","link":"https:\/\/www.elsindical.com.ar\/notas\/derrame-de-brea-en-la-general-paz-mas-de-30-autos-afectados\/","title":{"rendered":"Derrame de brea en la General Paz, m\u00e1s de 30 autos afectados"},"content":{"rendered":"<p><em><a href=\"http:\/\/www.elsindical.com.ar\/notas\/var\/www\/html\/notas\/wp-content\/uploads\/2015\/01\/120843_1.jpg\"><img loading=\"lazy\" decoding=\"async\" class=\"alignnone size-medium wp-image-48915\" src=\"http:\/\/www.elsindical.com.ar\/notas\/var\/www\/html\/notas\/wp-content\/uploads\/2015\/01\/120843_1-300x191.jpg\" alt=\"120843_1\" width=\"300\" height=\"191\" srcset=\"https:\/\/www.elsindical.com.ar\/notas\/var\/www\/html\/notas\/wp-content\/uploads\/2015\/01\/120843_1-300x191.jpg 300w, https:\/\/www.elsindical.com.ar\/notas\/var\/www\/html\/notas\/wp-content\/uploads\/2015\/01\/120843_1-472x300.jpg 472w, https:\/\/www.elsindical.com.ar\/notas\/var\/www\/html\/notas\/wp-content\/uploads\/2015\/01\/120843_1.jpg 502w\" sizes=\"auto, (max-width: 300px) 100vw, 300px\" \/><\/a>Un cami\u00f3n de obras de mantenimiento y reasfaltado perdi\u00f3 su carga y termin\u00f3 cubriendo a los coches que transitaban por la zona.<\/em><\/p>\n<p>Ocurri\u00f3 en la mano al R\u00edo de la Plata, a la altura de la calle Tinogasta, cuando un cami\u00f3n que participaba de obras de mantenimiento y reasfaltado perdi\u00f3 su carga y termin\u00f3 cubriendo a los coches que transitaban por la zona. Diez ambulancias del SAME atendieron a los afectados.<\/p>\n<p>Diez ambulancias del SAME concurieron al lugar para atender a las personas afectadas por el alquitr\u00e1n, algunas de las cuales fueron trasladadas al Hospital Santa Luc\u00eda, por afecciones oculares, inform\u00f3 a T\u00e9lam el director del organismo Alberto Crescenti. Efectivos de Defensa Civil y Polic\u00eda Federal est\u00e1n presentes en lugar.<\/p>\n<p>El tr\u00e1nsito qued\u00f3 cortado y se form\u00f3 una larga cola de veh\u00edculos en la mano en la que ocurri\u00f3 el siniestro, mientras que la que conduce hacia el Riachuelo funciona con normalidad.<\/p>\n<p><a href=\"http:\/\/www.elsindical.com.ar\/notas\/var\/www\/html\/notas\/wp-content\/uploads\/2015\/01\/120846_1.jpg\"><img loading=\"lazy\" decoding=\"async\" class=\"alignnone size-medium wp-image-48916\" src=\"http:\/\/www.elsindical.com.ar\/notas\/var\/www\/html\/notas\/wp-content\/uploads\/2015\/01\/120846_1-300x94.jpg\" alt=\"120846_1\" width=\"300\" height=\"94\" srcset=\"https:\/\/www.elsindical.com.ar\/notas\/var\/www\/html\/notas\/wp-content\/uploads\/2015\/01\/120846_1-300x94.jpg 300w, https:\/\/www.elsindical.com.ar\/notas\/var\/www\/html\/notas\/wp-content\/uploads\/2015\/01\/120846_1-500x156.jpg 500w, https:\/\/www.elsindical.com.ar\/notas\/var\/www\/html\/notas\/wp-content\/uploads\/2015\/01\/120846_1.jpg 531w\" sizes=\"auto, (max-width: 300px) 100vw, 300px\" \/><\/a><\/p>\n","protected":false},"excerpt":{"rendered":"<p>Un cami\u00f3n de obras de mantenimiento y reasfaltado perdi\u00f3 su carga y termin\u00f3 cubriendo a los coches que transitaban por la zona. Ocurri\u00f3 en la mano al R\u00edo de la Plata, a la altura de la calle Tinogasta, cuando un cami\u00f3n que participaba de obras de mantenimiento y reasfaltado perdi\u00f3 su carga y termin\u00f3 cubriendo&hellip;<\/p>\n","protected":false},"author":1,"featured_media":0,"comment_status":"open","ping_status":"open","sticky":false,"template":"","format":"standard","meta":{"footnotes":""},"categories":[25],"tags":[1126,20784,20783,2499],"class_list":["post-48914","post","type-post","status-publish","format-standard","hentry","category-sociedad","tag-autos","tag-brea","tag-rio-de-la-plata","tag-same"],"_links":{"self":[{"href":"https:\/\/www.elsindical.com.ar\/notas\/wp-json\/wp\/v2\/posts\/48914","targetHints":{"allow":["GET"]}}],"collection":[{"href":"https:\/\/www.elsindical.com.ar\/notas\/wp-json\/wp\/v2\/posts"}],"about":[{"href":"https:\/\/www.elsindical.com.ar\/notas\/wp-json\/wp\/v2\/types\/post"}],"author":[{"embeddable":true,"href":"https:\/\/www.elsindical.com.ar\/notas\/wp-json\/wp\/v2\/users\/1"}],"replies":[{"embeddable":true,"href":"https:\/\/www.elsindical.com.ar\/notas\/wp-json\/wp\/v2\/comments?post=48914"}],"version-history":[{"count":1,"href":"https:\/\/www.elsindical.com.ar\/notas\/wp-json\/wp\/v2\/posts\/48914\/revisions"}],"predecessor-version":[{"id":48917,"href":"https:\/\/www.elsindical.com.ar\/notas\/wp-json\/wp\/v2\/posts\/48914\/revisions\/48917"}],"wp:attachment":[{"href":"https:\/\/www.elsindical.com.ar\/notas\/wp-json\/wp\/v2\/media?parent=48914"}],"wp:term":[{"taxonomy":"category","embeddable":true,"href":"https:\/\/www.elsindical.com.ar\/notas\/wp-json\/wp\/v2\/categories?post=48914"},{"taxonomy":"post_tag","embeddable":true,"href":"https:\/\/www.elsindical.com.ar\/notas\/wp-json\/wp\/v2\/tags?post=48914"}],"curies":[{"name":"wp","href":"https:\/\/api.w.org\/{rel}","templated":true}]}}