{"id":48907,"date":"2015-01-30T11:27:03","date_gmt":"2015-01-30T14:27:03","guid":{"rendered":"http:\/\/www.elsindical.com.ar\/notas\/?p=48907"},"modified":"2015-01-30T11:27:03","modified_gmt":"2015-01-30T14:27:03","slug":"propuesta-por-los-derechos-de-las-personas-con-capacidades-diferentes-del-pro-avellaneda","status":"publish","type":"post","link":"https:\/\/www.elsindical.com.ar\/notas\/propuesta-por-los-derechos-de-las-personas-con-capacidades-diferentes-del-pro-avellaneda\/","title":{"rendered":"Propuesta por los derechos de las personas con capacidades diferentes del PRO Avellaneda"},"content":{"rendered":"<p><a href=\"http:\/\/www.elsindical.com.ar\/notas\/var\/www\/html\/notas\/wp-content\/uploads\/2015\/01\/Susana-Scarpatti-sentada.jpg\"><img loading=\"lazy\" decoding=\"async\" class=\"alignnone size-medium wp-image-48909\" src=\"http:\/\/www.elsindical.com.ar\/notas\/var\/www\/html\/notas\/wp-content\/uploads\/2015\/01\/Susana-Scarpatti-sentada-278x300.jpg\" alt=\"Susana-Scarpatti-sentada\" width=\"278\" height=\"300\" srcset=\"https:\/\/www.elsindical.com.ar\/notas\/var\/www\/html\/notas\/wp-content\/uploads\/2015\/01\/Susana-Scarpatti-sentada-278x300.jpg 278w, https:\/\/www.elsindical.com.ar\/notas\/var\/www\/html\/notas\/wp-content\/uploads\/2015\/01\/Susana-Scarpatti-sentada.jpg 531w\" sizes=\"auto, (max-width: 278px) 100vw, 278px\" \/><\/a>Mucho se ha hablado de los derechos y la inclusi\u00f3n de las personas con \u00abdiscapacidad\u00bb o capacidades diferentes, incluyo algunos pol\u00edticos han votado algunas normas que deber\u00edan garantizar esa inclusi\u00f3n, pero por distintos motivos luego no se cumplen, quedando solo en papeles como letra muerta.<\/p>\n<p>El cambio en poner en valor esos derechos, radica en el compromiso que desde la pol\u00edtica se asuma en un hacer, m\u00e1s que decir, por eso entrevistamos a la se\u00f1ora Susana Scarpatti, dirigente del PRO y referente del partido en Avellaneda y a la Coordinadora del Proyecto de Discapacidad la Dra. N\u00e9lida Traba.<\/p>\n<p>Reproducimos las palabras de la dirigente Susana Scarpatti:<\/p>\n<p><em>Desde el PRO entendemos que ning\u00fan gobierno sea nacional, provincial o municipal puede estar ajeno a la discapacidad. Nuestros equipos se encuentran trabajando interdisciplinariamente\u00a0\u00a0sobre esta tem\u00e1tica que abarca las \u00e1reas de\u00a0\u00a0educaci\u00f3n,\u00a0salud,\u00a0\u00a0trabajo, previsional, como as\u00ed tambi\u00e9n para evitar la discriminaci\u00f3n porque\u00a0\u00a0la inclusi\u00f3n de personas con necesidades diferentes es un precepto constitucional , tienen igualdad de condiciones a los dem\u00e1s habitantes de la Naci\u00f3n.<\/em><\/p>\n<p><em>Pare ello pensar y trabajar en esta tem\u00e1tica\u00a0\u00a0es fundamental para que podamos entre todos construir una ciudad que incluya la diversidad e igualdad de oportunidades para todos los avellanedenses .<\/em><\/p>\n<p><em>Para ello es necesario que se conozcan y se cumplan las normativas que existen sobre la discapacidad, las personas con capacidades diferentes son ciudadanos igual a los dem\u00e1s, tienen derechos y obligaciones, es necesario que todos conozcamos la legislaci\u00f3n para que con la participaci\u00f3n de todos, con el compromiso de toda la ciudadan\u00eda tengamos una ciudad m\u00e1s inclusiva, es necesario que nos sumemos todos los ciudadanos de esta ciudad\u00a0\u00a0a este desaf\u00edo.<\/em><\/p>\n<p><em>Raz\u00f3n por la cual nuestros equipos est\u00e1n abocados\u00a0\u00a0en la elaboraci\u00f3n de pol\u00edticas que nos permitan desde el municipio mejorar las existentes y poder coordinar con los organismos\u00a0del estado provincial y \/o nacional.<\/em><\/p>\n<p><em>Dichas pol\u00edticas ser\u00e1n el resultado de un proceso de di\u00e1logo y participaci\u00f3n con los interlocutores entre los cuales est\u00e1n involucrados los\u00a0\u00a0ciudadanos, los familiares de las personas discapacitadas, las personas con capacidades diferentes, los representantes de la salud, la educaci\u00f3n, organismos municipales, provinciales .<\/em><\/p>\n<p><em>Nuestro trabajo esta\u00a0\u00a0en l\u00ednea con los\u00a0\u00a0objetivos del respeto por las diferencias, la inclusi\u00f3n, la igualdad de oportunidades es tarea de todos, no solo de un \u00e1rea de gobierno ya sea que hablemos del gobierno nacional, provincial o municipal, nos debemos involucrar para lograr el cambio.<\/em><\/p>\n<p>&nbsp;<\/p>\n","protected":false},"excerpt":{"rendered":"<p>Mucho se ha hablado de los derechos y la inclusi\u00f3n de las personas con \u00abdiscapacidad\u00bb o capacidades diferentes, incluyo algunos pol\u00edticos han votado algunas normas que deber\u00edan garantizar esa inclusi\u00f3n, pero por distintos motivos luego no se cumplen, quedando solo en papeles como letra muerta. El cambio en poner en valor esos derechos, radica en&hellip;<\/p>\n","protected":false},"author":1,"featured_media":0,"comment_status":"open","ping_status":"open","sticky":false,"template":"","format":"standard","meta":{"footnotes":""},"categories":[13],"tags":[461,272,20782,22025,328,20711],"class_list":["post-48907","post","type-post","status-publish","format-standard","hentry","category-politica","tag-avellaneda","tag-discapacidad","tag-nelida-traba","tag-politica","tag-pro","tag-susana-scarpatti"],"_links":{"self":[{"href":"https:\/\/www.elsindical.com.ar\/notas\/wp-json\/wp\/v2\/posts\/48907","targetHints":{"allow":["GET"]}}],"collection":[{"href":"https:\/\/www.elsindical.com.ar\/notas\/wp-json\/wp\/v2\/posts"}],"about":[{"href":"https:\/\/www.elsindical.com.ar\/notas\/wp-json\/wp\/v2\/types\/post"}],"author":[{"embeddable":true,"href":"https:\/\/www.elsindical.com.ar\/notas\/wp-json\/wp\/v2\/users\/1"}],"replies":[{"embeddable":true,"href":"https:\/\/www.elsindical.com.ar\/notas\/wp-json\/wp\/v2\/comments?post=48907"}],"version-history":[{"count":2,"href":"https:\/\/www.elsindical.com.ar\/notas\/wp-json\/wp\/v2\/posts\/48907\/revisions"}],"predecessor-version":[{"id":48910,"href":"https:\/\/www.elsindical.com.ar\/notas\/wp-json\/wp\/v2\/posts\/48907\/revisions\/48910"}],"wp:attachment":[{"href":"https:\/\/www.elsindical.com.ar\/notas\/wp-json\/wp\/v2\/media?parent=48907"}],"wp:term":[{"taxonomy":"category","embeddable":true,"href":"https:\/\/www.elsindical.com.ar\/notas\/wp-json\/wp\/v2\/categories?post=48907"},{"taxonomy":"post_tag","embeddable":true,"href":"https:\/\/www.elsindical.com.ar\/notas\/wp-json\/wp\/v2\/tags?post=48907"}],"curies":[{"name":"wp","href":"https:\/\/api.w.org\/{rel}","templated":true}]}}