{"id":48884,"date":"2015-01-29T13:25:40","date_gmt":"2015-01-29T16:25:40","guid":{"rendered":"http:\/\/www.elsindical.com.ar\/notas\/?p=48884"},"modified":"2015-01-29T13:25:40","modified_gmt":"2015-01-29T16:25:40","slug":"gonzalez-catan-brutal-maltrato-de-joven-madre-a-su-hijo","status":"publish","type":"post","link":"https:\/\/www.elsindical.com.ar\/notas\/gonzalez-catan-brutal-maltrato-de-joven-madre-a-su-hijo\/","title":{"rendered":"Gonz\u00e1lez Cat\u00e1n: Brutal maltrato de joven madre a su hijo"},"content":{"rendered":"<p><a href=\"http:\/\/www.elsindical.com.ar\/notas\/var\/www\/html\/notas\/wp-content\/uploads\/2015\/01\/10411279.jpg\"><img loading=\"lazy\" decoding=\"async\" class=\"alignnone size-medium wp-image-48886\" src=\"http:\/\/www.elsindical.com.ar\/notas\/var\/www\/html\/notas\/wp-content\/uploads\/2015\/01\/10411279-206x300.jpg\" alt=\"10411279\" width=\"206\" height=\"300\" srcset=\"https:\/\/www.elsindical.com.ar\/notas\/var\/www\/html\/notas\/wp-content\/uploads\/2015\/01\/10411279-206x300.jpg 206w, https:\/\/www.elsindical.com.ar\/notas\/var\/www\/html\/notas\/wp-content\/uploads\/2015\/01\/10411279.jpg 531w\" sizes=\"auto, (max-width: 206px) 100vw, 206px\" \/><\/a>Un terrible suceso de abuso sobre un ni\u00f1o de 2 a\u00f1os ocurri\u00f3 hoy en Gonzalez Catan, Partido de La Matanza, cuando luego de una denuncia, personal de la Comisar\u00eda de Gonzalez Cat\u00e1n y del CPC Comando de Patrullas y por orden de la Fiscal, Dra C\u00f3rdoba, titular de la UFI N\u00ba 2 de Conflictos y Abuso sexual, orden\u00f3 el registro de una vivienda de la calle Larsen al 6000, donde se encontraron con un cuadro estremecedor.<\/p>\n<p>El personal policial que arrib\u00f3 al lugar respondiendo a una denuncia de una vecina cuya identidad mantendremos como \u201cS\u201d y que moviliz\u00f3 a numerosos vecinos incentivandolos a testimoniar sobre los hechos.<\/p>\n<p>La policia hizo salir a la madre de la casa y al consultarle sobre el supuesto abuso que hab\u00eda de un ni\u00f1o de 2 a\u00f1os, la madre lo neg\u00f3, exhibiendo su bebe de 6 meses, se\u00f1alando que era su \u00fanico hijo.<\/p>\n<p>Pero la reacci\u00f3n de algunos vecinos cuyos \u00e1nimos se enardecieron gener\u00f3 que la joven entrara en contradicciones, y se decidi\u00f3 un inmediato registro ya que estaba en juego una vida.-<\/p>\n<p>Asi, conjuntamente con testigos, encontraron a un ni\u00f1o de 3 a\u00f1itos, identificado como Rodrigo, arrojado en el piso y atado de pies y manos, en una posici\u00f3n realmente escalofriante y con su cara y sus manos afectadas por numerosas quemaduras, las que mostraban signos de varios dias.<\/p>\n<p>Las fuentes indicaron a \u201cRADIO 3\u201d que la madre, de 19 a\u00f1os e identificada como Debora del Valle, dijo que su hijo \u201cse habia quemado sus manos y su boca debido a que se introdujo una cuchara caliente\u201d.<\/p>\n<p>Sin embargo, las heridas parecen ser numerosas y reiteradas y los testimonios de los vecinos aseguran que la madre, en repetidas ocasiones, molesta por que le ni\u00f1o ten\u00eda hambre, habria decidido calentarle una cuchara en el fuego para luego coloc\u00e1rsela en la boca para que se quemara y sufriera, y de esa manera no la volviera a molestar solicit\u00e1ndole comida.-<\/p>\n<p>Confusamente, la madre no habria podido explicar el motivo por el cual su hijo permanec\u00eda todo el dia tirado en el piso atado de pies y manos, siendo afectado por perversas cicatrices.-<\/p>\n<p>Ante tal escenario, sin dudarlo, la Fiscal Cordoba solicit\u00f3 la aprehensi\u00f3n de la progenitora, imput\u00e1ndola en primera instancia por Lesiones aunque ma\u00f1ana cambiar\u00eda rigurosamente la car\u00e1tula.-<\/p>\n<p>Pero el suceso no concluy\u00f3 alli, ya que numerosos oyentes se comunicaron con \u201cRADIO 3\u201d para informarnos que los vecinos estaban sumamente indignados y en una pueblada decidieron incendiar la casa de la madre abusiva.<\/p>\n<p>FM 101.7 RADIO 3 VIRREY DEL PINO \u201cEL MEDIO DE NOTICIAS MAS IMPORTANTE DE LA REGI\u00d3N, LAS 24 HORAS INFORMANDO\u201d<\/p>\n","protected":false},"excerpt":{"rendered":"<p>Un terrible suceso de abuso sobre un ni\u00f1o de 2 a\u00f1os ocurri\u00f3 hoy en Gonzalez Catan, Partido de La Matanza, cuando luego de una denuncia, personal de la Comisar\u00eda de Gonzalez Cat\u00e1n y del CPC Comando de Patrullas y por orden de la Fiscal, Dra C\u00f3rdoba, titular de la UFI N\u00ba 2 de Conflictos y&hellip;<\/p>\n","protected":false},"author":1,"featured_media":0,"comment_status":"open","ping_status":"open","sticky":false,"template":"","format":"standard","meta":{"footnotes":""},"categories":[22],"tags":[20026,20771,2738,11543],"class_list":["post-48884","post","type-post","status-publish","format-standard","hentry","category-policiales","tag-debora-del-valle","tag-fiscal-cordoba","tag-gonzalez-catan","tag-ufi-2"],"_links":{"self":[{"href":"https:\/\/www.elsindical.com.ar\/notas\/wp-json\/wp\/v2\/posts\/48884","targetHints":{"allow":["GET"]}}],"collection":[{"href":"https:\/\/www.elsindical.com.ar\/notas\/wp-json\/wp\/v2\/posts"}],"about":[{"href":"https:\/\/www.elsindical.com.ar\/notas\/wp-json\/wp\/v2\/types\/post"}],"author":[{"embeddable":true,"href":"https:\/\/www.elsindical.com.ar\/notas\/wp-json\/wp\/v2\/users\/1"}],"replies":[{"embeddable":true,"href":"https:\/\/www.elsindical.com.ar\/notas\/wp-json\/wp\/v2\/comments?post=48884"}],"version-history":[{"count":1,"href":"https:\/\/www.elsindical.com.ar\/notas\/wp-json\/wp\/v2\/posts\/48884\/revisions"}],"predecessor-version":[{"id":48887,"href":"https:\/\/www.elsindical.com.ar\/notas\/wp-json\/wp\/v2\/posts\/48884\/revisions\/48887"}],"wp:attachment":[{"href":"https:\/\/www.elsindical.com.ar\/notas\/wp-json\/wp\/v2\/media?parent=48884"}],"wp:term":[{"taxonomy":"category","embeddable":true,"href":"https:\/\/www.elsindical.com.ar\/notas\/wp-json\/wp\/v2\/categories?post=48884"},{"taxonomy":"post_tag","embeddable":true,"href":"https:\/\/www.elsindical.com.ar\/notas\/wp-json\/wp\/v2\/tags?post=48884"}],"curies":[{"name":"wp","href":"https:\/\/api.w.org\/{rel}","templated":true}]}}