{"id":48840,"date":"2015-01-27T08:54:31","date_gmt":"2015-01-27T11:54:31","guid":{"rendered":"http:\/\/www.elsindical.com.ar\/notas\/?p=48840"},"modified":"2015-01-27T08:54:31","modified_gmt":"2015-01-27T11:54:31","slug":"laferrere-matan-a-nena-de-cuatro-anos-frente-a-su-familia","status":"publish","type":"post","link":"https:\/\/www.elsindical.com.ar\/notas\/laferrere-matan-a-nena-de-cuatro-anos-frente-a-su-familia\/","title":{"rendered":"Laferrere: Matan a nena de cuatro a\u00f1os frente a su familia"},"content":{"rendered":"<p><em><a href=\"http:\/\/www.elsindical.com.ar\/notas\/var\/www\/html\/notas\/wp-content\/uploads\/2015\/01\/asesinato-menor-Laferrere.jpg\"><img loading=\"lazy\" decoding=\"async\" class=\"alignnone size-medium wp-image-48841\" src=\"http:\/\/www.elsindical.com.ar\/notas\/var\/www\/html\/notas\/wp-content\/uploads\/2015\/01\/asesinato-menor-Laferrere-300x194.jpg\" alt=\"asesinato-menor-Laferrere\" width=\"300\" height=\"194\" srcset=\"https:\/\/www.elsindical.com.ar\/notas\/var\/www\/html\/notas\/wp-content\/uploads\/2015\/01\/asesinato-menor-Laferrere-300x194.jpg 300w, https:\/\/www.elsindical.com.ar\/notas\/var\/www\/html\/notas\/wp-content\/uploads\/2015\/01\/asesinato-menor-Laferrere-464x300.jpg 464w, https:\/\/www.elsindical.com.ar\/notas\/var\/www\/html\/notas\/wp-content\/uploads\/2015\/01\/asesinato-menor-Laferrere.jpg 531w\" sizes=\"auto, (max-width: 300px) 100vw, 300px\" \/><\/a>El sangriento episodio ocurri\u00f3 en la localidad bonaerense de Laferrere. En un hecho confuso, la criatura recibi\u00f3 un tiro\u00a0mortal en el t\u00f3rax por parte de desconocidos que dispararon contra el auto en el que se trasladaba junto con su mam\u00e1, el t\u00edo y su pareja.<\/em><\/p>\n<p>Una inocente ni\u00f1a de 4 a\u00f1os fue salvajemente asesinada al recibir un balazo en el t\u00f3rax, en un cruento y confuso suceso que se registr\u00f3 ayer en la localidad bonaerense de Gregorio de Laferrere, en el partido de La Matanza.<\/p>\n<p>La peque\u00f1a se desplazaba en un autom\u00f3vil, junto a su madre y sus t\u00edos, oportunidad en la que varios sujetos, que circulaban en otro rodado, comenzaron a efectuar disparos contra ellos. Los criminales fugaron y ahora son buscados de manera intensa por los pesquisas policiales. A su vez, se procura establecer si los forajidos eran delincuentes o personas que pensaron que iban a ser asaltadas y resolvieron defenderse.<\/p>\n<p>Los voceros revelaron que la infortunada v\u00edctima fue identificada como <strong>Briana Esmeralda L\u00f3pez<\/strong>, de 4 a\u00f1os, quien resid\u00eda en Lomas de Zamora. Trascendi\u00f3 que los hechos comenzaron cuando la peque\u00f1a, su madre, <strong>Magal\u00ed Candy<\/strong>, de 25 a\u00f1os; su t\u00edo, <strong>Nelson Candy<\/strong>, 27 y la esposa de este joven, concurrieron al famoso predio conocido como la Plaza de Los Enamorados, situada en el cruce de avenida Luro y Ruiz de los Llanos.<\/p>\n<p>A la 1.10 de la v\u00edspera, la familia resolvi\u00f3 emprender el regreso y subi\u00f3 a un Renault 9 de viejo modelo, con vidrios negros, que el muchacho utiliza para trabajar como remisero. En dichas circunstancias, el joven observ\u00f3 a dos sujetos que ascend\u00edan r\u00e1pidamente a un Peugeot 206 gris.<\/p>\n<p><strong>Sirena<\/strong><\/p>\n<p>Nelson crey\u00f3 que eran ladrones y por tal motivo accion\u00f3 una sirena que tiene instalada en el coche, para utilizarla como bocina. De inmediato, los individuos huyeron en el Peugeot 206 y el remisero, con sus parientes, empezaron a seguirlos, hasta perderlos de vista. Debido a esa situaci\u00f3n, la familia decidi\u00f3 retornar a su vivienda.<\/p>\n<p>Sin embargo, en el cruce de Mart\u00edn Garc\u00eda Merou y Voissin, en el denominado Barrio Mar\u00eda Elena, el remisero y sus parientes se encontraron, de frente, con el Peugeot 206. Nelson accion\u00f3 otra vez la sirena, pero entonces los ocupantes del misterioso autom\u00f3vil realizaron dos disparos con una pistola 9 mil\u00edmetros, oportunidad en la que uno de los proyectiles impact\u00f3 en la regi\u00f3n tor\u00e1cica de la menor, atraves\u00e1ndole el cuerpo.<\/p>\n<p>Los brutales agresores fugaron r\u00e1pidamente. Momentos despu\u00e9s la ni\u00f1a fue trasladada al Hospital Materno Infantil Doctora Teresa Germani, en Gregorio de Laferrere, pero dej\u00f3 de existir antes de arribar al centro asistencial. Pesquisas policiales de la comisar\u00eda de Gregorio de Laferrere procuran localizar a los responsables de los disparos. Intervino en la causa el doctor <strong>Carlos Adri\u00e1n Arribas<\/strong>, fiscal en turno de la Unidad Tem\u00e1tica de Homicidios del departamento judicial de La Matanza.<\/p>\n","protected":false},"excerpt":{"rendered":"<p>El sangriento episodio ocurri\u00f3 en la localidad bonaerense de Laferrere. En un hecho confuso, la criatura recibi\u00f3 un tiro\u00a0mortal en el t\u00f3rax por parte de desconocidos que dispararon contra el auto en el que se trasladaba junto con su mam\u00e1, el t\u00edo y su pareja. Una inocente ni\u00f1a de 4 a\u00f1os fue salvajemente asesinada al&hellip;<\/p>\n","protected":false},"author":1,"featured_media":0,"comment_status":"open","ping_status":"open","sticky":false,"template":"","format":"standard","meta":{"footnotes":""},"categories":[22],"tags":[388,1401,9632,1676,4109],"class_list":["post-48840","post","type-post","status-publish","format-standard","hentry","category-policiales","tag-disparo","tag-la-matanza","tag-laferrere","tag-muerta","tag-nina"],"_links":{"self":[{"href":"https:\/\/www.elsindical.com.ar\/notas\/wp-json\/wp\/v2\/posts\/48840","targetHints":{"allow":["GET"]}}],"collection":[{"href":"https:\/\/www.elsindical.com.ar\/notas\/wp-json\/wp\/v2\/posts"}],"about":[{"href":"https:\/\/www.elsindical.com.ar\/notas\/wp-json\/wp\/v2\/types\/post"}],"author":[{"embeddable":true,"href":"https:\/\/www.elsindical.com.ar\/notas\/wp-json\/wp\/v2\/users\/1"}],"replies":[{"embeddable":true,"href":"https:\/\/www.elsindical.com.ar\/notas\/wp-json\/wp\/v2\/comments?post=48840"}],"version-history":[{"count":1,"href":"https:\/\/www.elsindical.com.ar\/notas\/wp-json\/wp\/v2\/posts\/48840\/revisions"}],"predecessor-version":[{"id":48842,"href":"https:\/\/www.elsindical.com.ar\/notas\/wp-json\/wp\/v2\/posts\/48840\/revisions\/48842"}],"wp:attachment":[{"href":"https:\/\/www.elsindical.com.ar\/notas\/wp-json\/wp\/v2\/media?parent=48840"}],"wp:term":[{"taxonomy":"category","embeddable":true,"href":"https:\/\/www.elsindical.com.ar\/notas\/wp-json\/wp\/v2\/categories?post=48840"},{"taxonomy":"post_tag","embeddable":true,"href":"https:\/\/www.elsindical.com.ar\/notas\/wp-json\/wp\/v2\/tags?post=48840"}],"curies":[{"name":"wp","href":"https:\/\/api.w.org\/{rel}","templated":true}]}}