{"id":48776,"date":"2015-01-23T08:17:34","date_gmt":"2015-01-23T11:17:34","guid":{"rendered":"http:\/\/www.elsindical.com.ar\/notas\/?p=48776"},"modified":"2015-01-23T08:17:34","modified_gmt":"2015-01-23T11:17:34","slug":"hugo-barrueco-no-sabe-donde-esta-parado","status":"publish","type":"post","link":"https:\/\/www.elsindical.com.ar\/notas\/hugo-barrueco-no-sabe-donde-esta-parado\/","title":{"rendered":"Hugo Barrueco no sabe d\u00f3nde est\u00e1 parado"},"content":{"rendered":"<p><a href=\"http:\/\/www.elsindical.com.ar\/notas\/var\/www\/html\/notas\/wp-content\/uploads\/2015\/01\/Hugo-Barrueco-distra\u00eddo.jpg\"><img loading=\"lazy\" decoding=\"async\" class=\"alignnone size-medium wp-image-48777\" src=\"http:\/\/www.elsindical.com.ar\/notas\/var\/www\/html\/notas\/wp-content\/uploads\/2015\/01\/Hugo-Barrueco-distra\u00eddo-300x216.jpg\" alt=\"Hugo-Barrueco-distra\u00eddo\" width=\"300\" height=\"216\" srcset=\"https:\/\/www.elsindical.com.ar\/notas\/var\/www\/html\/notas\/wp-content\/uploads\/2015\/01\/Hugo-Barrueco-distra\u00eddo-300x216.jpg 300w, https:\/\/www.elsindical.com.ar\/notas\/var\/www\/html\/notas\/wp-content\/uploads\/2015\/01\/Hugo-Barrueco-distra\u00eddo-416x300.jpg 416w, https:\/\/www.elsindical.com.ar\/notas\/var\/www\/html\/notas\/wp-content\/uploads\/2015\/01\/Hugo-Barrueco-distra\u00eddo.jpg 531w\" sizes=\"auto, (max-width: 300px) 100vw, 300px\" \/><\/a>Hugo Dino Barrueco, concejal, presidente del HCD de Avellaneda, secretario privado del intendente, socio y confidente, pasa por momentos de confusi\u00f3n, tantas tareas a la vez y la necesidad de no perder ning\u00fan negocio, hacen que cualquier persona termine en el estado que se encuentra el pol\u00edtico y empresario.<\/p>\n<p>Ya en varias oportunidades nos referimos a la mala imagen que muestra Barrueco en cada sesi\u00f3n del HCD de Avellaneda, donde de forma muy obediente, otorga la palabra al concejal Degli Innocenti o bien acata sus ordenes, a\u00fan las que son incorrectas o van en contra de las normas.<\/p>\n<p>Todos saben muy bien en el municipio que Barrueco pasa m\u00e1s horas en la privada del intendente que en la presidencia del HCD, manejo que ha sido delegado en el secretario S\u00edcari quien suma quejas y reclamos que en cualquier momento terminar\u00e1n en alguna denuncia que desnude la arbitrariedad con la que se maneja este otro personaje quien dispone de recursos que suele no rendir a nadie.<\/p>\n<p>Con el impacto sufrido por el oficialismo al ser aceptada la medida cautelar por la justicia contra el traspaso del Hospital de Wilde a la \u00f3rbita de la provincia de Buenos Aires, todos los funcionarios y concejales han salido y seguir\u00e1n saliendo a hablar para desvirtuar o justificar su conducta.<\/p>\n<p>Como siempre analizaremos las frases de Hugo Barrueco:<\/p>\n<p><em><strong>\u201cEs un tema que se est\u00e1 tratando a nivel judicial y hasta que la Justicia no diga c\u00f3mo sigue la situaci\u00f3n, mucho no se puede hacer\u201d.<\/strong> <\/em><\/p>\n<p>Esta frase es en referencia a la medida cautelar adoptada por el Juez Carzoglio, y no revela nada, como suele ser todo en la vida de Barrueco, el prefiere pasar volando bajo, pero eso no lo hace menos rapaz.<\/p>\n<p><em><strong>\u201cLa verdad me sorprendi\u00f3 la cautelar\u201d,<\/strong> <\/em>admiti\u00f3, no obstante, y sostuvo que <em><strong>\u201cel equipo de abogados de la Municipalidad ha respondidos los pedidos y ahora est\u00e1 todo en manos de la Justicia\u201d.<\/strong> <\/em><\/p>\n<p>Es probable que lo \u00fanico que justifica la sorpresa sea la impunidad con la que se manejan desde hace tiempo esta gesti\u00f3n, pero es totalmente l\u00f3gico que ante una medida que al menor an\u00e1lisis se observa como desprolija como m\u00ednimo, sea la justicia la que tenga que determinar la legalidad de la hecho.<\/p>\n<p><em><strong>\u201cel hospital tiene que pasar a la \u00f3rbita provincial porque as\u00ed lo decidi\u00f3 el intendente Jorge Ferraresi junto con el Ministerio de Salud bonaerense y a su vez se atendi\u00f3 el requerimiento del juez Luis Armella, quien dispuso que todos los hospitales de la Cuenca Matanza Riachuelo sean provinciales\u201d. <\/strong><\/em><\/p>\n<p>Pretender hacer valer una medida oscura como fue la gesti\u00f3n para el traspaso del Hospital de Wilde, en un pedido judicial es sumar m\u00e1s elementos para investigar, cuando les conviene las medidas de Armella son atendibles y cuando no les agrada Armella es un conspirador, esperamos que si son tan respetuosos de lo que el Juez Armella hace desde su rol de Juez federal, adecuen a los trabajadores de la denominada La F\u00e1brica de Villa Dom\u00ednico por citar un ejemplo, o cumplan con el saneamiento del Arroyo de Sarand\u00ed para dar otro ejemplo de incumplimientos por parte del municipio.<\/p>\n<p><em><strong>\u201cEscuch\u00e9 algunas acusaciones pero no entienden que la atenci\u00f3n va ser la misma dependa del Municipio o de la Provincia\u201d, enfatiz\u00f3 y ejemplific\u00f3 que \u201cen el hospital Presidente Per\u00f3n la atenci\u00f3n es espectacular y depende de Provincia\u201d.\u00a0<\/strong> <\/em><\/p>\n<p>Barrueco es a pesar de su cara y lo que muestra un h\u00e1bil ocultador, y tal vez por eso se anima a decir una mentira tan est\u00fapida como asegurar que la atenci\u00f3n del Hospital Presidente Per\u00f3n es espectacular, se han hecho reformas en los \u00faltimos tiempos, se han mejorado ediliciamente algunos servicios y hasta se han incorporado equipos e insumos, pero sigue teniendo una atenci\u00f3n regular por la falta de profesionales y auxiliares, sigue con fuertes reclamos de los gremios, con esta afirmaci\u00f3n de Barrueco confirma solito dos hechos, que no concurre al hospital solo para las inauguraciones y que es un gran mentiroso.<\/p>\n<p><em><strong>\u201cSi cada sector est\u00e1 haciendo un uso pol\u00edtico de este tema, corre por cuenta de ellos. El Wilde tiene que depender de la Provincia porque hay una resoluci\u00f3n que est\u00e1 tomada, se firm\u00f3 un convenio y se dieron los pasos legales correspondientes\u201d, recalc\u00f3.<\/strong> <\/em><\/p>\n<p>Barrueco contin\u00faa con la farsa y pretende en los medios defender lo indefendible, habla alegremente de pasos legales cuando es justamente lo que se ataca, el intendente inici\u00f3 el traspaso por decisi\u00f3n personal, le recomiendo a Barrueco que antes de asegurar cosas que desconoce, lea sobre la diferencia entre legitimidad y legalidad.<\/p>\n<p><em><strong>\u201cEs una decisi\u00f3n tomada y pienso que es lo correcto porque es uno de los mejores intendentes que tuvo la ciudad\u201d, destac\u00f3. <\/strong><\/em><\/p>\n<p><em><strong>Y complet\u00f3: \u201cEstamos en democracia y si alguien piensa que se puede presentar a la interna, ah\u00ed estaremos todos detr\u00e1s de Ferraresi porque entendemos que es el mejor candidato\u201d.<\/strong><\/em><\/p>\n<p>Estas \u00faltimas frases sobre la renovaci\u00f3n al cargo de intendente por parte de Jorge Ferraresi no aportan nada nuevo, qu\u00e9 puede decir el socio no solo pol\u00edtico, sino comercial del intendente.<\/p>\n<p>Decir que es uno de los mejores intendentes que tuvo la ciudad, lleva a preguntarse comparado con quienes.<\/p>\n<p>Gracias Barrueco por recordarnos que estamos en democracia a pesar que en el HCD que usted preside las cosas parezcan no ser as\u00ed y le voy a detallar porque:<\/p>\n<p>1- Han hecho todo lo posible para evitar que los vecinos hagan uso de la denominada \u00abbanca 25\u00bb.<\/p>\n<p>2- Demoran la informaci\u00f3n a los concejales de la oposici\u00f3n cuando de votar temas sensibles se trata.<\/p>\n<p>3- Han presionado a los medios de prensa que curiosamente no tienen pauta del municipio o el HCD.<\/p>\n<p>4- Han permitido el ingreso de patotas no solo al edificio del HCD, sino tambi\u00e9n al recinto de sesiones,<\/p>\n<p>5- Restringen el acceso a la informaci\u00f3n del digesto, algo que incluso viola la Ley.<\/p>\n<p>6- Han realizado reformas en el edificio, sin atender que actualmente no es un edificio amigable para personas con discapacidad.<\/p>\n<p>7- Siguen realizando acuerdos a \u00abcarpeta cerrada\u00bb.<\/p>\n<p>Todo lo descripto, es contrario al concepto de democracia.<\/p>\n<p>Le solicito, le exijo como ciudadano, que comience a tener un poco de dignidad y haga su trabajo, si tanto le gusta ser secretario y no tiene la capacidad para presidir, renuncie a la presidencia del HCD, pero deje de dar esa imagen tan mediocre de alguien que est\u00e1 mirando al concejal Degli Innocenti, porque da la sensaci\u00f3n que es \u00e9l el que preside el HCD, as\u00ed parecen m\u00e1s una pareja de jugadores de truco que se pasan se\u00f1as, que concejales.<\/p>\n<p>&nbsp;<\/p>\n<p><em><strong>Por Marcelo Ricardo Hawrylciw<\/strong><\/em><\/p>\n","protected":false},"excerpt":{"rendered":"<p>Hugo Dino Barrueco, concejal, presidente del HCD de Avellaneda, secretario privado del intendente, socio y confidente, pasa por momentos de confusi\u00f3n, tantas tareas a la vez y la necesidad de no perder ning\u00fan negocio, hacen que cualquier persona termine en el estado que se encuentra el pol\u00edtico y empresario. Ya en varias oportunidades nos referimos&hellip;<\/p>\n","protected":false},"author":1,"featured_media":0,"comment_status":"open","ping_status":"open","sticky":false,"template":"","format":"standard","meta":{"footnotes":""},"categories":[10],"tags":[461,16587,14279,6275,1062],"class_list":["post-48776","post","type-post","status-publish","format-standard","hentry","category-editorial","tag-avellaneda","tag-hcd","tag-hugo-dino-barrueco","tag-intendente-jorge-ferraresi","tag-jorge-ferraresi"],"_links":{"self":[{"href":"https:\/\/www.elsindical.com.ar\/notas\/wp-json\/wp\/v2\/posts\/48776","targetHints":{"allow":["GET"]}}],"collection":[{"href":"https:\/\/www.elsindical.com.ar\/notas\/wp-json\/wp\/v2\/posts"}],"about":[{"href":"https:\/\/www.elsindical.com.ar\/notas\/wp-json\/wp\/v2\/types\/post"}],"author":[{"embeddable":true,"href":"https:\/\/www.elsindical.com.ar\/notas\/wp-json\/wp\/v2\/users\/1"}],"replies":[{"embeddable":true,"href":"https:\/\/www.elsindical.com.ar\/notas\/wp-json\/wp\/v2\/comments?post=48776"}],"version-history":[{"count":1,"href":"https:\/\/www.elsindical.com.ar\/notas\/wp-json\/wp\/v2\/posts\/48776\/revisions"}],"predecessor-version":[{"id":48778,"href":"https:\/\/www.elsindical.com.ar\/notas\/wp-json\/wp\/v2\/posts\/48776\/revisions\/48778"}],"wp:attachment":[{"href":"https:\/\/www.elsindical.com.ar\/notas\/wp-json\/wp\/v2\/media?parent=48776"}],"wp:term":[{"taxonomy":"category","embeddable":true,"href":"https:\/\/www.elsindical.com.ar\/notas\/wp-json\/wp\/v2\/categories?post=48776"},{"taxonomy":"post_tag","embeddable":true,"href":"https:\/\/www.elsindical.com.ar\/notas\/wp-json\/wp\/v2\/tags?post=48776"}],"curies":[{"name":"wp","href":"https:\/\/api.w.org\/{rel}","templated":true}]}}