{"id":48757,"date":"2015-01-22T17:46:24","date_gmt":"2015-01-22T20:46:24","guid":{"rendered":"http:\/\/www.elsindical.com.ar\/notas\/?p=48757"},"modified":"2015-01-22T17:46:24","modified_gmt":"2015-01-22T20:46:24","slug":"caballito-el-gobierno-de-la-ciudad-hizo-una-rampa-con-un-semaforo-en-el-medio","status":"publish","type":"post","link":"https:\/\/www.elsindical.com.ar\/notas\/caballito-el-gobierno-de-la-ciudad-hizo-una-rampa-con-un-semaforo-en-el-medio\/","title":{"rendered":"Caballito: El Gobierno de la Ciudad hizo una rampa con un sem\u00e1foro en el medio"},"content":{"rendered":"<p><em><a href=\"http:\/\/www.elsindical.com.ar\/notas\/var\/www\/html\/notas\/wp-content\/uploads\/2015\/01\/rampa-y-sem\u00e1foto.jpg\"><img loading=\"lazy\" decoding=\"async\" class=\"alignnone size-medium wp-image-48758\" src=\"http:\/\/www.elsindical.com.ar\/notas\/var\/www\/html\/notas\/wp-content\/uploads\/2015\/01\/rampa-y-sem\u00e1foto-300x224.jpg\" alt=\"rampa-y-sem\u00e1foto\" width=\"300\" height=\"224\" srcset=\"https:\/\/www.elsindical.com.ar\/notas\/var\/www\/html\/notas\/wp-content\/uploads\/2015\/01\/rampa-y-sem\u00e1foto-300x224.jpg 300w, https:\/\/www.elsindical.com.ar\/notas\/var\/www\/html\/notas\/wp-content\/uploads\/2015\/01\/rampa-y-sem\u00e1foto-401x300.jpg 401w, https:\/\/www.elsindical.com.ar\/notas\/var\/www\/html\/notas\/wp-content\/uploads\/2015\/01\/rampa-y-sem\u00e1foto.jpg 531w\" sizes=\"auto, (max-width: 300px) 100vw, 300px\" \/><\/a>El Gobierno porte\u00f1o construy\u00f3 una rampa para discapacitados alrededor de un sem\u00e1foro, que qued\u00f3 en el centro de la misma, tal como denunciaron vecinos del barrio porte\u00f1o de Caballito. La ins\u00f3lita obra est\u00e1 en la esquina de Valle y Del Barco Centenera.<\/em><\/p>\n<p>Adri\u00e1n Hern\u00e1ndez, referente de la organizaci\u00f3n Encuentro en Defensa del Espacio P\u00fablico, relat\u00f3 que la denuncia la recibieron a trav\u00e9s de un correo electr\u00f3nico en el que un vecino los puso en conocimiento de la particular obra, y les adjunt\u00f3 una foto.<\/p>\n<p>\u201cHicimos un reclamo a la l\u00ednea 147 y vamos a realizar una presentaci\u00f3n ante la Defensor\u00eda del Pueblo\u201d, asegur\u00f3.<\/p>\n<p>Por su parte Alejandra Giordano, miembro del mismo espacio, consider\u00f3 que \u201cesta obra parece una tomada de pelos para los vecinos\u201d.<\/p>\n<p>\u201cHace pocos meses terminaron de hacer nuevas las veredas de Rivadavia y entre Acoyte y Parral las baldosas ya est\u00e1n todas despegadas lo que provoca muchos tropiezos y ca\u00eddas de personas mayores y ahora esta falta de respeto para con los discapacitados\u201d, se\u00f1al\u00f3 la mujer.<\/p>\n<p>Giordano exigi\u00f3 \u201cque de inmediato arreglen esta barbaridad\u201d, e ironiz\u00f3: \u201cnos gustar\u00eda saber qu\u00e9 funcionario estuvo a cargo de semejante obra de ingenier\u00eda\u201d.<\/p>\n","protected":false},"excerpt":{"rendered":"<p>El Gobierno porte\u00f1o construy\u00f3 una rampa para discapacitados alrededor de un sem\u00e1foro, que qued\u00f3 en el centro de la misma, tal como denunciaron vecinos del barrio porte\u00f1o de Caballito. La ins\u00f3lita obra est\u00e1 en la esquina de Valle y Del Barco Centenera. Adri\u00e1n Hern\u00e1ndez, referente de la organizaci\u00f3n Encuentro en Defensa del Espacio P\u00fablico, relat\u00f3&hellip;<\/p>\n","protected":false},"author":1,"featured_media":0,"comment_status":"open","ping_status":"open","sticky":false,"template":"","format":"standard","meta":{"footnotes":""},"categories":[6],"tags":[20753,5824,11689,16953,5248],"class_list":["post-48757","post","type-post","status-publish","format-standard","hentry","category-denuncias","tag-alejandra-giordano","tag-defensoria-del-pueblo","tag-linea-147","tag-rampa","tag-semaforo"],"_links":{"self":[{"href":"https:\/\/www.elsindical.com.ar\/notas\/wp-json\/wp\/v2\/posts\/48757","targetHints":{"allow":["GET"]}}],"collection":[{"href":"https:\/\/www.elsindical.com.ar\/notas\/wp-json\/wp\/v2\/posts"}],"about":[{"href":"https:\/\/www.elsindical.com.ar\/notas\/wp-json\/wp\/v2\/types\/post"}],"author":[{"embeddable":true,"href":"https:\/\/www.elsindical.com.ar\/notas\/wp-json\/wp\/v2\/users\/1"}],"replies":[{"embeddable":true,"href":"https:\/\/www.elsindical.com.ar\/notas\/wp-json\/wp\/v2\/comments?post=48757"}],"version-history":[{"count":1,"href":"https:\/\/www.elsindical.com.ar\/notas\/wp-json\/wp\/v2\/posts\/48757\/revisions"}],"predecessor-version":[{"id":48759,"href":"https:\/\/www.elsindical.com.ar\/notas\/wp-json\/wp\/v2\/posts\/48757\/revisions\/48759"}],"wp:attachment":[{"href":"https:\/\/www.elsindical.com.ar\/notas\/wp-json\/wp\/v2\/media?parent=48757"}],"wp:term":[{"taxonomy":"category","embeddable":true,"href":"https:\/\/www.elsindical.com.ar\/notas\/wp-json\/wp\/v2\/categories?post=48757"},{"taxonomy":"post_tag","embeddable":true,"href":"https:\/\/www.elsindical.com.ar\/notas\/wp-json\/wp\/v2\/tags?post=48757"}],"curies":[{"name":"wp","href":"https:\/\/api.w.org\/{rel}","templated":true}]}}