{"id":48718,"date":"2015-01-20T19:19:25","date_gmt":"2015-01-20T22:19:25","guid":{"rendered":"http:\/\/www.elsindical.com.ar\/notas\/?p=48718"},"modified":"2015-01-20T19:19:25","modified_gmt":"2015-01-20T22:19:25","slug":"la-plata-un-joven-buscado-mato-a-un-policia-y-murio-baleado","status":"publish","type":"post","link":"https:\/\/www.elsindical.com.ar\/notas\/la-plata-un-joven-buscado-mato-a-un-policia-y-murio-baleado\/","title":{"rendered":"La Plata: Un joven buscado mat\u00f3 a un polic\u00eda y muri\u00f3 baleado"},"content":{"rendered":"<p><em><a href=\"http:\/\/www.elsindical.com.ar\/notas\/var\/www\/html\/notas\/wp-content\/uploads\/2011\/09\/disparos-malandra.jpg\"><img loading=\"lazy\" decoding=\"async\" class=\"alignnone size-medium wp-image-17068\" src=\"http:\/\/www.elsindical.com.ar\/notas\/var\/www\/html\/notas\/wp-content\/uploads\/2011\/09\/disparos-malandra-300x210.jpg\" alt=\"disparos-malandra\" width=\"300\" height=\"210\" srcset=\"https:\/\/www.elsindical.com.ar\/notas\/var\/www\/html\/notas\/wp-content\/uploads\/2011\/09\/disparos-malandra-300x210.jpg 300w, https:\/\/www.elsindical.com.ar\/notas\/var\/www\/html\/notas\/wp-content\/uploads\/2011\/09\/disparos-malandra.jpg 325w\" sizes=\"auto, (max-width: 300px) 100vw, 300px\" \/><\/a>El oficial se encontraba trabajando encubierto en la b\u00fasqueda de este adolescente cuando recibi\u00f3 un disparo mortal en la cabeza.<\/em><\/p>\n<p>Se trata del oficial Mat\u00edas \u00c1valos, de 38 a\u00f1os, que se encontraba en servicio para la Direcci\u00f3n Departamental de Investigaciones de La Plata, cuando es descubierto por el joven pr\u00f3fugo, Fernando Borges, de 18, que le dispar\u00f3 en la cabeza y que terminar\u00eda con su vida.<\/p>\n<p>A continuaci\u00f3n, se inici\u00f3 un tiroteo en el que uno de los polic\u00edas que acompa\u00f1aba a \u00c1valos termina con la vida de Borges, dispar\u00e1ndole en el pecho, seg\u00fan confirmaron fuentes policiales.<\/p>\n<p>Fuentes policiales informaron a T\u00e9lam, que ayer por la tarde, Avalos y otros tres efectivos vigilaban de manera encubierta a Borges, quien era buscado por el crimen de un muchacho de 20 a\u00f1os, cometido en marzo del a\u00f1o pasado en la localidad de Melchor Romero.<\/p>\n<p>Mientras Avalos y sus compa\u00f1eros aguardaban la orden judicial para allanar la vivienda del sospechoso, situada en calles 515 y 169 de La Plata, Borges descubri\u00f3 a los polic\u00edas, extrajo un arma de fuego y comenz\u00f3 a disparar.<\/p>\n<p>El desenlace fue la muerte de Borges, de un disparo en el pecho, y de \u00c1valos, que muri\u00f3 de un disparo en la cabeza, pesar de ser asistido por los m\u00e9dicos del hospital de Melchor Romero.<\/p>\n<p>El tiroteo en el que murieron Avalos y Borges es investigado por el fiscal Fernando Cartasegna, quien orden\u00f3 secuestrar las armas de los cuatro polic\u00edas que intervinieron en el hecho y la de del sospechoso muerto para que sean sometidas a an\u00e1lisis bal\u00edsticos en la Asesor\u00eda Pericial de La Plata, donde tambi\u00e9n se llevaron a cabo las autopsias de los dos cuerpos.<\/p>\n<p>De acuerdo a los investigados, Borges era buscado por el crimen de Juan Carlos Abreg\u00fa (20), quien el 14 de marzo \u00faltimo fue asesinado de un balazo en el pecho en 161 y 515, de Melchor Romero, cuando volv\u00eda de trabajar en una carbonera y qued\u00f3 en medio de un tiroteo entre dos bandas.<\/p>\n<p>Por ese homicidio fue detenido Mario Ezequiel Guti\u00e9rrez (22), a quien la fiscal medina acus\u00f3 de haber participado del tiroteo en el que muri\u00f3 Abreg\u00fa.<\/p>\n<p>El oficial Avalos se convirti\u00f3 en el primer polic\u00eda bonaerense asesinado por delincuentes en lo que va del a\u00f1o, mientras que en 2014 fueron un total de 15 los efectivos fallecidos en esas circunstancias.<\/p>\n","protected":false},"excerpt":{"rendered":"<p>El oficial se encontraba trabajando encubierto en la b\u00fasqueda de este adolescente cuando recibi\u00f3 un disparo mortal en la cabeza. Se trata del oficial Mat\u00edas \u00c1valos, de 38 a\u00f1os, que se encontraba en servicio para la Direcci\u00f3n Departamental de Investigaciones de La Plata, cuando es descubierto por el joven pr\u00f3fugo, Fernando Borges, de 18, que&hellip;<\/p>\n","protected":false},"author":1,"featured_media":0,"comment_status":"open","ping_status":"open","sticky":false,"template":"","format":"standard","meta":{"footnotes":""},"categories":[22],"tags":[1991,20747,239,20746],"class_list":["post-48718","post","type-post","status-publish","format-standard","hentry","category-policiales","tag-ddi","tag-fernando-borges","tag-la-plata","tag-matias-avalos"],"_links":{"self":[{"href":"https:\/\/www.elsindical.com.ar\/notas\/wp-json\/wp\/v2\/posts\/48718","targetHints":{"allow":["GET"]}}],"collection":[{"href":"https:\/\/www.elsindical.com.ar\/notas\/wp-json\/wp\/v2\/posts"}],"about":[{"href":"https:\/\/www.elsindical.com.ar\/notas\/wp-json\/wp\/v2\/types\/post"}],"author":[{"embeddable":true,"href":"https:\/\/www.elsindical.com.ar\/notas\/wp-json\/wp\/v2\/users\/1"}],"replies":[{"embeddable":true,"href":"https:\/\/www.elsindical.com.ar\/notas\/wp-json\/wp\/v2\/comments?post=48718"}],"version-history":[{"count":1,"href":"https:\/\/www.elsindical.com.ar\/notas\/wp-json\/wp\/v2\/posts\/48718\/revisions"}],"predecessor-version":[{"id":48719,"href":"https:\/\/www.elsindical.com.ar\/notas\/wp-json\/wp\/v2\/posts\/48718\/revisions\/48719"}],"wp:attachment":[{"href":"https:\/\/www.elsindical.com.ar\/notas\/wp-json\/wp\/v2\/media?parent=48718"}],"wp:term":[{"taxonomy":"category","embeddable":true,"href":"https:\/\/www.elsindical.com.ar\/notas\/wp-json\/wp\/v2\/categories?post=48718"},{"taxonomy":"post_tag","embeddable":true,"href":"https:\/\/www.elsindical.com.ar\/notas\/wp-json\/wp\/v2\/tags?post=48718"}],"curies":[{"name":"wp","href":"https:\/\/api.w.org\/{rel}","templated":true}]}}