{"id":48716,"date":"2015-01-20T19:02:43","date_gmt":"2015-01-20T22:02:43","guid":{"rendered":"http:\/\/www.elsindical.com.ar\/notas\/?p=48716"},"modified":"2015-01-20T19:02:43","modified_gmt":"2015-01-20T22:02:43","slug":"lijo-pidio-que-den-a-conocer-a-los-dos-agentes-de-inteligencia","status":"publish","type":"post","link":"https:\/\/www.elsindical.com.ar\/notas\/lijo-pidio-que-den-a-conocer-a-los-dos-agentes-de-inteligencia\/","title":{"rendered":"Lijo pidi\u00f3 que den a conocer a los dos agentes de inteligencia"},"content":{"rendered":"<p><em><a href=\"http:\/\/www.elsindical.com.ar\/notas\/var\/www\/html\/notas\/wp-content\/uploads\/2012\/04\/Juez-federal-Ariel-Lijo.jpg\"><img loading=\"lazy\" decoding=\"async\" class=\"alignnone size-medium wp-image-23367\" src=\"http:\/\/www.elsindical.com.ar\/notas\/var\/www\/html\/notas\/wp-content\/uploads\/2012\/04\/Juez-federal-Ariel-Lijo-300x225.jpg\" alt=\"Juez-federal-Ariel-Lijo\" width=\"300\" height=\"225\" srcset=\"https:\/\/www.elsindical.com.ar\/notas\/var\/www\/html\/notas\/wp-content\/uploads\/2012\/04\/Juez-federal-Ariel-Lijo-300x225.jpg 300w, https:\/\/www.elsindical.com.ar\/notas\/var\/www\/html\/notas\/wp-content\/uploads\/2012\/04\/Juez-federal-Ariel-Lijo.jpg 413w\" sizes=\"auto, (max-width: 300px) 100vw, 300px\" \/><\/a>Uno de ellos es el ex juez y abogado Luis Yrimia, a quien el fallecido fiscal pidi\u00f3 citar a indagatoria en el marco de su denuncia, y el juez pretende saber si \u00e9l colabor\u00f3 con la SI en el tema AMIA.\u00a0\u00a0\u00a0\u00a0\u00a0\u00a0\u00a0\u00a0\u00a0\u00a0\u00a0\u00a0<\/em><\/p>\n<p>El juez federal Ariel Lijo pidi\u00f3 esta tarde al titular de la Secretar\u00eda de Inteligencia (SI), Oscar Parrilli, que d\u00e9 a conocer la identidad de dos supuestos agentes del organismo que fueron denunciados por el fiscal Alberto Nisman como part\u00edcipes del denunciado encubrimiento del atentado a la AMIA.<\/p>\n<p>Fuentes judiciales informaron que uno de ellos es el exjuez y abogado Luis Yrimia, a quien Nisman pidi\u00f3 citar a indagatoria en el marco de su denuncia, y Lijo pretende saber si \u00e9l colabor\u00f3 con la SI en el tema AMIA.<\/p>\n","protected":false},"excerpt":{"rendered":"<p>Uno de ellos es el ex juez y abogado Luis Yrimia, a quien el fallecido fiscal pidi\u00f3 citar a indagatoria en el marco de su denuncia, y el juez pretende saber si \u00e9l colabor\u00f3 con la SI en el tema AMIA.\u00a0\u00a0\u00a0\u00a0\u00a0\u00a0\u00a0\u00a0\u00a0\u00a0\u00a0\u00a0 El juez federal Ariel Lijo pidi\u00f3 esta tarde al titular de la Secretar\u00eda de&hellip;<\/p>\n","protected":false},"author":1,"featured_media":0,"comment_status":"open","ping_status":"open","sticky":false,"template":"","format":"standard","meta":{"footnotes":""},"categories":[20],"tags":[],"class_list":["post-48716","post","type-post","status-publish","format-standard","hentry","category-judiciales"],"_links":{"self":[{"href":"https:\/\/www.elsindical.com.ar\/notas\/wp-json\/wp\/v2\/posts\/48716","targetHints":{"allow":["GET"]}}],"collection":[{"href":"https:\/\/www.elsindical.com.ar\/notas\/wp-json\/wp\/v2\/posts"}],"about":[{"href":"https:\/\/www.elsindical.com.ar\/notas\/wp-json\/wp\/v2\/types\/post"}],"author":[{"embeddable":true,"href":"https:\/\/www.elsindical.com.ar\/notas\/wp-json\/wp\/v2\/users\/1"}],"replies":[{"embeddable":true,"href":"https:\/\/www.elsindical.com.ar\/notas\/wp-json\/wp\/v2\/comments?post=48716"}],"version-history":[{"count":1,"href":"https:\/\/www.elsindical.com.ar\/notas\/wp-json\/wp\/v2\/posts\/48716\/revisions"}],"predecessor-version":[{"id":48717,"href":"https:\/\/www.elsindical.com.ar\/notas\/wp-json\/wp\/v2\/posts\/48716\/revisions\/48717"}],"wp:attachment":[{"href":"https:\/\/www.elsindical.com.ar\/notas\/wp-json\/wp\/v2\/media?parent=48716"}],"wp:term":[{"taxonomy":"category","embeddable":true,"href":"https:\/\/www.elsindical.com.ar\/notas\/wp-json\/wp\/v2\/categories?post=48716"},{"taxonomy":"post_tag","embeddable":true,"href":"https:\/\/www.elsindical.com.ar\/notas\/wp-json\/wp\/v2\/tags?post=48716"}],"curies":[{"name":"wp","href":"https:\/\/api.w.org\/{rel}","templated":true}]}}