{"id":48714,"date":"2015-01-20T18:52:04","date_gmt":"2015-01-20T21:52:04","guid":{"rendered":"http:\/\/www.elsindical.com.ar\/notas\/?p=48714"},"modified":"2015-01-20T18:52:04","modified_gmt":"2015-01-20T21:52:04","slug":"navarro-violo-a-una-policia-y-obligo-a-su-hermana-a-presenciarlo","status":"publish","type":"post","link":"https:\/\/www.elsindical.com.ar\/notas\/navarro-violo-a-una-policia-y-obligo-a-su-hermana-a-presenciarlo\/","title":{"rendered":"Navarro: Viol\u00f3 a una polic\u00eda y oblig\u00f3 a su hermana a presenciarlo"},"content":{"rendered":"<p><em><a href=\"http:\/\/www.elsindical.com.ar\/notas\/var\/www\/html\/notas\/wp-content\/uploads\/2010\/06\/patrulla-bonaerense.gif\"><img loading=\"lazy\" decoding=\"async\" class=\"alignnone size-full wp-image-7621\" src=\"http:\/\/www.elsindical.com.ar\/notas\/var\/www\/html\/notas\/wp-content\/uploads\/2010\/06\/patrulla-bonaerense.gif\" alt=\"patrulla-bonaerense\" width=\"200\" height=\"133\" \/><\/a>Un aberrante episodio se registr\u00f3 en la localidad bonaerense de Navarro. Un sujeto someti\u00f3 a una mujer oficial de la Polic\u00eda de Buenos Aires en el vel\u00f3dromo municipal. Las amenaz\u00f3 con un arma de fuego.<\/em><\/p>\n<p>En un aberrante suceso, un depravado viol\u00f3 a una oficial de la Polic\u00eda Bonaerense, a quien agredi\u00f3 sexualmente frente a la hermana de la v\u00edctima. El caso, que tiene confusos ribetes, se registr\u00f3 en la localidad de Navarro, en la provincia de Buenos Aires, y ahora las autoridades policiales intentan localizar al s\u00e1tiro.<\/p>\n<p>Los voceros revelaron que el tremendo hecho se produjo en el vel\u00f3dromo municipal de dicho distrito, que est\u00e1 situado en el cruce de las rutas provinciales 41 y 200, cuando las mujeres fueron interceptadas por un sujeto provisto de un arma de fuego.<\/p>\n<p>Trascendi\u00f3 que el individuo redujo a las damnificadas y, a una de ellas, de 18 a\u00f1os, recientemente alistada como oficial de la polic\u00eda provincial, la llev\u00f3 a un costado de la pista, oportunidad en la que la someti\u00f3 sexualmente en presencia de la espantada mirada de la otra muchacha. Con sus bajos instintos satisfechos, el delincuente huy\u00f3 r\u00e1pidamente a la carrera. Las autoridades realizaron una serie de diligencias investigativas con el objetivo de localizar al responsable de la agresi\u00f3n padecida por la funcionaria.<\/p>\n<p>&nbsp;<\/p>\n","protected":false},"excerpt":{"rendered":"<p>Un aberrante episodio se registr\u00f3 en la localidad bonaerense de Navarro. Un sujeto someti\u00f3 a una mujer oficial de la Polic\u00eda de Buenos Aires en el vel\u00f3dromo municipal. Las amenaz\u00f3 con un arma de fuego. En un aberrante suceso, un depravado viol\u00f3 a una oficial de la Polic\u00eda Bonaerense, a quien agredi\u00f3 sexualmente frente a&hellip;<\/p>\n","protected":false},"author":1,"featured_media":0,"comment_status":"open","ping_status":"open","sticky":false,"template":"","format":"standard","meta":{"footnotes":""},"categories":[22],"tags":[154,20745,749,20744,271],"class_list":["post-48714","post","type-post","status-publish","format-standard","hentry","category-policiales","tag-buenos-aires","tag-navarro","tag-policia-bonaerense","tag-velodromo","tag-violacion"],"_links":{"self":[{"href":"https:\/\/www.elsindical.com.ar\/notas\/wp-json\/wp\/v2\/posts\/48714","targetHints":{"allow":["GET"]}}],"collection":[{"href":"https:\/\/www.elsindical.com.ar\/notas\/wp-json\/wp\/v2\/posts"}],"about":[{"href":"https:\/\/www.elsindical.com.ar\/notas\/wp-json\/wp\/v2\/types\/post"}],"author":[{"embeddable":true,"href":"https:\/\/www.elsindical.com.ar\/notas\/wp-json\/wp\/v2\/users\/1"}],"replies":[{"embeddable":true,"href":"https:\/\/www.elsindical.com.ar\/notas\/wp-json\/wp\/v2\/comments?post=48714"}],"version-history":[{"count":1,"href":"https:\/\/www.elsindical.com.ar\/notas\/wp-json\/wp\/v2\/posts\/48714\/revisions"}],"predecessor-version":[{"id":48715,"href":"https:\/\/www.elsindical.com.ar\/notas\/wp-json\/wp\/v2\/posts\/48714\/revisions\/48715"}],"wp:attachment":[{"href":"https:\/\/www.elsindical.com.ar\/notas\/wp-json\/wp\/v2\/media?parent=48714"}],"wp:term":[{"taxonomy":"category","embeddable":true,"href":"https:\/\/www.elsindical.com.ar\/notas\/wp-json\/wp\/v2\/categories?post=48714"},{"taxonomy":"post_tag","embeddable":true,"href":"https:\/\/www.elsindical.com.ar\/notas\/wp-json\/wp\/v2\/tags?post=48714"}],"curies":[{"name":"wp","href":"https:\/\/api.w.org\/{rel}","templated":true}]}}