{"id":48702,"date":"2015-01-19T23:27:44","date_gmt":"2015-01-20T02:27:44","guid":{"rendered":"http:\/\/www.elsindical.com.ar\/notas\/?p=48702"},"modified":"2015-01-19T23:27:44","modified_gmt":"2015-01-20T02:27:44","slug":"facebook-busca-unos-1-200-nuevos-empleados","status":"publish","type":"post","link":"https:\/\/www.elsindical.com.ar\/notas\/facebook-busca-unos-1-200-nuevos-empleados\/","title":{"rendered":"Facebook busca unos 1.200 nuevos empleados"},"content":{"rendered":"<p><em><a href=\"http:\/\/www.elsindical.com.ar\/notas\/var\/www\/html\/notas\/wp-content\/uploads\/2009\/12\/Facebook-ingreso1.jpg\"><img loading=\"lazy\" decoding=\"async\" class=\"alignnone size-full wp-image-2119\" src=\"http:\/\/www.elsindical.com.ar\/notas\/var\/www\/html\/notas\/wp-content\/uploads\/2009\/12\/Facebook-ingreso1.jpg\" alt=\"Facebook-ingreso\" width=\"283\" height=\"170\" \/><\/a>Gafas de realidad virtual, drones y centros de datos impulsan la ola de contrataciones en la red social, que ampliar\u00eda sus filas en un 14% en el corto plazo. Hay tambi\u00e9n <b>ofertas para la oficina de Buenos Aires<\/b>.<\/em><\/p>\n<div>La compa\u00f1\u00eda busca sumar cerca de 1.200 nuevos empleados, una consecuencia de agresivas inversiones que, seg\u00fan dijeron los ejecutivos, definir\u00e1n el pr\u00f3ximo a\u00f1o.<\/div>\n<div><\/div>\n<div>La busca de nuevos empleos tambi\u00e9n abarca a Buenos Aires, aunque las ofertas est\u00e1n enfocadas en marketing, ventas y comunicaciones y no en los campos que tienen relaci\u00f3n con las \u00faltimas adquisiciones de Facebook.<\/div>\n<div><\/div>\n<div>Oculus Rift, el fabricante de cascos de realidad virtual que Facebook adquiri\u00f3 en un acuerdo por u$s2.000 millones el a\u00f1o pasado, est\u00e1 entre las \u00e1reas clave programadas para crecer, con 54 empleos publicados.<\/div>\n<div><\/div>\n<div>Entre los roles que Facebook necesita cubrir para el negocio de Oculus hay ejecutivos para supervisar log\u00edstica, adquisiciones y el planeamiento de la cadena de suministro global, lo que seg\u00fan algunos analistas es una se\u00f1al de que el producto est\u00e1 acerc\u00e1ndose a su lanzamiento comercial.<\/div>\n<div><\/div>\n<div>El mercado de cascos de realidad virtual es a\u00fan emergente. Pero si la realidad virtual despega en \u00e1reas como entretenimiento, juegos, comunicaciones o computaci\u00f3n, Facebook podr\u00eda estar en el centro de la nueva plataforma con Oculus.<\/div>\n<div><\/div>\n<div>El ambicioso esfuerzo de Facebook para construir sus propios sat\u00e9lites y drones capaces de entregar servicios de internet en regiones remotas del mundo es otra \u00e1rea importante para las contrataciones: el programa tiene a Facebook buscando especialistas en \u00e1reas como avi\u00f3nica, comunicaciones de radiofrecuencia y termoingenier\u00eda.<\/div>\n<div><\/div>\n<div>\u00abSomos una compa\u00f1\u00eda ambiciosa manejada por un presidente ejecutivo ambicioso\u00bb, dijo la directora operativa de Facebook Sheryl Sandberg a la agencia de noticias <i>Reuters<\/i>.<\/div>\n<div><\/div>\n<div>\u00abNuestros usuarios est\u00e1n creciendo y nuestra empresa est\u00e1 creciendo y queremos respaldar eso\u00bb, dijo Sandberg, quien agreg\u00f3 que el negocio de Facebook es ahora mucho m\u00e1s expansivo de lo que era hace unos a\u00f1os, con oficinas a lo largo del mundo.<\/div>\n<div><\/div>\n<div>Los empleos incluyen una gama que va desde personal de ventas a ingenieros de software para la red social Facebook, con 1.350 millones de usuarios.<\/div>\n<div><\/div>\n<div>\u00abEstamos creciendo lo m\u00e1s r\u00e1pido que se puede, donde la parte del \u00abpuede\u00bb es en verdad un asunto de cu\u00e1nta gente podemos absorber a la vez que mantenemos una fuerte cultura\u00bb, asegur\u00f3 a <i>Reuters <\/i>Paul Carduner, gerente de ingenier\u00eda que dirige la oficina de Facebook en Seattle.<\/div>\n<div><\/div>\n<div><b>Atlas<\/b>, la compa\u00f1\u00eda de publicidad online que Facebook adquiri\u00f3 en el 2013, es otra importante \u00e1rea de contrataciones, con m\u00e1s de 20 posiciones publicadas.<\/div>\n","protected":false},"excerpt":{"rendered":"<p>Gafas de realidad virtual, drones y centros de datos impulsan la ola de contrataciones en la red social, que ampliar\u00eda sus filas en un 14% en el corto plazo. Hay tambi\u00e9n ofertas para la oficina de Buenos Aires. La compa\u00f1\u00eda busca sumar cerca de 1.200 nuevos empleados, una consecuencia de agresivas inversiones que, seg\u00fan dijeron&hellip;<\/p>\n","protected":false},"author":1,"featured_media":0,"comment_status":"open","ping_status":"open","sticky":false,"template":"","format":"standard","meta":{"footnotes":""},"categories":[29],"tags":[54,219,20736,20737],"class_list":["post-48702","post","type-post","status-publish","format-standard","hentry","category-informatica","tag-empleados","tag-facebook","tag-oculus-rift","tag-reuters"],"_links":{"self":[{"href":"https:\/\/www.elsindical.com.ar\/notas\/wp-json\/wp\/v2\/posts\/48702","targetHints":{"allow":["GET"]}}],"collection":[{"href":"https:\/\/www.elsindical.com.ar\/notas\/wp-json\/wp\/v2\/posts"}],"about":[{"href":"https:\/\/www.elsindical.com.ar\/notas\/wp-json\/wp\/v2\/types\/post"}],"author":[{"embeddable":true,"href":"https:\/\/www.elsindical.com.ar\/notas\/wp-json\/wp\/v2\/users\/1"}],"replies":[{"embeddable":true,"href":"https:\/\/www.elsindical.com.ar\/notas\/wp-json\/wp\/v2\/comments?post=48702"}],"version-history":[{"count":1,"href":"https:\/\/www.elsindical.com.ar\/notas\/wp-json\/wp\/v2\/posts\/48702\/revisions"}],"predecessor-version":[{"id":48703,"href":"https:\/\/www.elsindical.com.ar\/notas\/wp-json\/wp\/v2\/posts\/48702\/revisions\/48703"}],"wp:attachment":[{"href":"https:\/\/www.elsindical.com.ar\/notas\/wp-json\/wp\/v2\/media?parent=48702"}],"wp:term":[{"taxonomy":"category","embeddable":true,"href":"https:\/\/www.elsindical.com.ar\/notas\/wp-json\/wp\/v2\/categories?post=48702"},{"taxonomy":"post_tag","embeddable":true,"href":"https:\/\/www.elsindical.com.ar\/notas\/wp-json\/wp\/v2\/tags?post=48702"}],"curies":[{"name":"wp","href":"https:\/\/api.w.org\/{rel}","templated":true}]}}