{"id":48635,"date":"2015-01-16T08:51:36","date_gmt":"2015-01-16T11:51:36","guid":{"rendered":"http:\/\/www.elsindical.com.ar\/notas\/?p=48635"},"modified":"2015-01-16T08:51:36","modified_gmt":"2015-01-16T11:51:36","slug":"jorge-degli-innocenti-el-arte-de-la-negacion-y-las-bolu-frases","status":"publish","type":"post","link":"https:\/\/www.elsindical.com.ar\/notas\/jorge-degli-innocenti-el-arte-de-la-negacion-y-las-bolu-frases\/","title":{"rendered":"Jorge Degli Innocenti, el arte de la negaci\u00f3n y las \u00abbolu\u00bb frases"},"content":{"rendered":"<p><a href=\"http:\/\/www.elsindical.com.ar\/notas\/var\/www\/html\/notas\/wp-content\/uploads\/2015\/01\/P1470883.jpg\"><img loading=\"lazy\" decoding=\"async\" class=\"alignnone size-medium wp-image-48637\" src=\"http:\/\/www.elsindical.com.ar\/notas\/var\/www\/html\/notas\/wp-content\/uploads\/2015\/01\/P1470883-212x300.jpg\" alt=\"P1470883\" width=\"212\" height=\"300\" srcset=\"https:\/\/www.elsindical.com.ar\/notas\/var\/www\/html\/notas\/wp-content\/uploads\/2015\/01\/P1470883-212x300.jpg 212w, https:\/\/www.elsindical.com.ar\/notas\/var\/www\/html\/notas\/wp-content\/uploads\/2015\/01\/P1470883.jpg 443w\" sizes=\"auto, (max-width: 212px) 100vw, 212px\" \/><\/a>Con la obligaci\u00f3n de salir a mostrar una gesti\u00f3n fuerte, contin\u00faan los pol\u00edticos funcionales a la gesti\u00f3n del intendente Jorge Ferraresi dando declaraciones donde pretenden tapar con titulares mentirosos y hasta rid\u00edculos la realidad pol\u00edtica actual del intendente que no solo es cuestionado por los vecinos, sino tambi\u00e9n ha comenzado a ser observado por el propio gobierno como un pianta voto.<\/p>\n<p>Analicemos las \u00abbolu\u00bb frases:<\/p>\n<p><em><strong>\u201cLa gente valora much\u00edsimo todo lo que se est\u00e1 haciendo. A cualquiera que le preguntes, exceptuando a la oposici\u00f3n, te va a decir que hay un intendente que se preocupa por los problemas de los vecinos. A Ferraresi lo veo tranquilo de cara a las elecciones\u201d<\/strong><\/em><\/p>\n<p>Bueno, o la oposici\u00f3n se ha vuelto mayor\u00eda en Avellaneda, o el concejal que hace mucho tiempo los vecinos no le conocen la cara face to face, habla desde lo que le parece quedar\u00e1 bien se publique. Hay sectores de Avellaneda mi estimado concejal que llevan m\u00e1s de 20 d\u00edas sin energ\u00eda el\u00e9ctrica, y no se ha visto a nadie del municipio preocupado por esos vecinos y las consecuencias de tantos d\u00edas sin un servicio b\u00e1sico. Y lo de que Ferraresi est\u00e1 tranquilo estimo es una expresi\u00f3n de deseo, porque no solo no est\u00e1 tranquilo, usted es uno de los que le ha quitado tranquilidad, al entender que no ha sabido manejar algunas cuestiones pol\u00edticas que hoy le estallan en la cara.<\/p>\n<p><em><strong>\u201cNo s\u00e9 que sostiene la oposici\u00f3n, a esta altura del partido creo que no se sostienen ni los calzones\u201d.<\/strong><\/em><\/p>\n<p>Estimo que esta expresi\u00f3n poco seria en una nota period\u00edstica evidencia la falta de argumentos para responder a algunas de las cuestiones que se critican desde la oposici\u00f3n y seguramente sean muchos los que no pueden sostener ni los calzones cada vez que hay que complacer a un intendente con las caracter\u00edsticas de Ferraresi.<\/p>\n<p><em><strong>\u201cEsta es una soluci\u00f3n integral ni para el d\u00eda ni para el mes ni para las elecciones sino para lo que viene, como siempre hacemos\u201d.<\/strong><\/em><\/p>\n<p>La guitarra perdi\u00f3 un par de cuerdas al tener que decir est\u00e1s cosas, de las prometidas soluciones integrales, ninguna ha sido efectiva, donde se han realizado reformas por ejemplo en pavimentaci\u00f3n, hoy se inundan, muchas de las obras realizadas no han llegado al a\u00f1o sin inconvenientes, \u00bfesto es lo que se viene?.<\/p>\n<p><em><strong>\u201cLa oposici\u00f3n est\u00e1 absolutamente ca\u00edda. Hemos visto a tantos que cambiaron de colores y de vestimenta, literalmente, que yo no s\u00e9 c\u00f3mo no les da verg\u00fcenza mostrarse\u201d<\/strong><\/em><\/p>\n<p>Ojo que el pez por la boca muere, como dir\u00eda el Indio Solari, \u00abNo lo so\u00f1eee &#8230;\u00bb los dos Jorge, creo formaban parte de la estructura de Cacho \u00c1lvarez y en una lista del hoy condenado Luis Abelardo Patti estaba el concejal Degli Innocenti, parece que los cambios son algo habitual de los pol\u00edticos, por lo que entiendo no deber\u00edan por lo menos ellos usar esto como algo malo, mucho menos si a ellos el pasado los condena. O ser\u00e1 que ninguno tiene verg\u00fcenza.<\/p>\n<p><em><strong>\u00a0\u201cFue en forma unilateral, es una realidad y est\u00e1 claro. Pero tambi\u00e9n tiene que ver con un pedido que ha realizado otro de los sectores gremiales que existe en el Municipio\u201d<\/strong><\/em><\/p>\n<p>A confesi\u00f3n de parte relevo de pruebas podr\u00edamos decir en esta declaraci\u00f3n, fue en forma unilateral, demuestra la forma que tiene el intendente de llevar adelante su gesti\u00f3n, las decisiones las toma \u00e9l, desde su \u00abmiedo\u00bb y \u00abdesconfianza\u00bb rasgos que habr\u00eda que evaluar, luego intenta justificar la medida aduciendo que tiene que ver con un pedido realizado por otro de los sectores gremiales que existe en el municipio, otro reconocimiento de la mala pol\u00edtica, ya que si hay m\u00e1s de un sector, se es intendente de todos los vecinos y de todos los trabajadores, no de los que me adulan. Degli intenta quedar bien y con estas frases lo tira debajo del tren al intendente.<\/p>\n<p><em><strong>\u201cPor el momento es correcta, profesional y activa\u201d. \u201cCompartimos el mismo proyecto pol\u00edtico. Podemos tener diferencias puntuales, pero en l\u00edneas generales coincidimos\u201d.<\/strong><\/em><\/p>\n<p>La inmensa necesidad de sacar las plumas y mostrarse diferente al resto de los concejales que tienen problemitas para expresar su trabajo, Degli se pasa de rosca y cae en la cursiler\u00eda del \u00abmaquillaje\u00bb, no tienen ninguna relaci\u00f3n correcta, dejar excluido al sindicato de las decisiones sobre los sueldos de los trabajadores no tiene nada de correcto \u00bf qu\u00e9 dice concejal?, profesional deber\u00eda desarrollar la idea sobre lo que usted considera profesional y activa, parece un slogan de campa\u00f1a, ah ahora le chupa las medias a Scioli y subliminalmente usa la palabra \u00abActiva\u00bb, parece que Urribarri busc\u00f3 otra pata pol\u00edtica en Avellaneda.<\/p>\n<p>Yo dir\u00eda que lo \u00fanico que comparten del proyecto son los recursos, y alg\u00fan soldado como Manuela S\u00e1nchez que para sobrevivir en la pol\u00edtica no ha dudado en levantar la mano en apoyo de todo proyecto del oficialismo, as\u00ed poder sumar cargos.<\/p>\n<p>Es una pena y debe ser muy triste tener la capacidad para conducir y terminar aplaudiendo y defendiendo a alguien que no duda en culpar de todos los males a un pol\u00edtico que por a\u00f1os y trayectoria no se le ha reconocido su aporte, el bronce, cada vez se ve m\u00e1s lejano.<\/p>\n<p>&nbsp;<\/p>\n<p><em><strong>Por Marcelo Ricardo Hawrylciw<\/strong><\/em><\/p>\n<p>&nbsp;<\/p>\n","protected":false},"excerpt":{"rendered":"<p>Con la obligaci\u00f3n de salir a mostrar una gesti\u00f3n fuerte, contin\u00faan los pol\u00edticos funcionales a la gesti\u00f3n del intendente Jorge Ferraresi dando declaraciones donde pretenden tapar con titulares mentirosos y hasta rid\u00edculos la realidad pol\u00edtica actual del intendente que no solo es cuestionado por los vecinos, sino tambi\u00e9n ha comenzado a ser observado por el&hellip;<\/p>\n","protected":false},"author":1,"featured_media":0,"comment_status":"open","ping_status":"open","sticky":false,"template":"","format":"standard","meta":{"footnotes":""},"categories":[13],"tags":[461,15486,1062,19159],"class_list":["post-48635","post","type-post","status-publish","format-standard","hentry","category-politica","tag-avellaneda","tag-jorge-degli-innocenti","tag-jorge-ferraresi","tag-manuela-sanchez"],"_links":{"self":[{"href":"https:\/\/www.elsindical.com.ar\/notas\/wp-json\/wp\/v2\/posts\/48635","targetHints":{"allow":["GET"]}}],"collection":[{"href":"https:\/\/www.elsindical.com.ar\/notas\/wp-json\/wp\/v2\/posts"}],"about":[{"href":"https:\/\/www.elsindical.com.ar\/notas\/wp-json\/wp\/v2\/types\/post"}],"author":[{"embeddable":true,"href":"https:\/\/www.elsindical.com.ar\/notas\/wp-json\/wp\/v2\/users\/1"}],"replies":[{"embeddable":true,"href":"https:\/\/www.elsindical.com.ar\/notas\/wp-json\/wp\/v2\/comments?post=48635"}],"version-history":[{"count":2,"href":"https:\/\/www.elsindical.com.ar\/notas\/wp-json\/wp\/v2\/posts\/48635\/revisions"}],"predecessor-version":[{"id":48638,"href":"https:\/\/www.elsindical.com.ar\/notas\/wp-json\/wp\/v2\/posts\/48635\/revisions\/48638"}],"wp:attachment":[{"href":"https:\/\/www.elsindical.com.ar\/notas\/wp-json\/wp\/v2\/media?parent=48635"}],"wp:term":[{"taxonomy":"category","embeddable":true,"href":"https:\/\/www.elsindical.com.ar\/notas\/wp-json\/wp\/v2\/categories?post=48635"},{"taxonomy":"post_tag","embeddable":true,"href":"https:\/\/www.elsindical.com.ar\/notas\/wp-json\/wp\/v2\/tags?post=48635"}],"curies":[{"name":"wp","href":"https:\/\/api.w.org\/{rel}","templated":true}]}}