{"id":48602,"date":"2015-01-14T18:26:54","date_gmt":"2015-01-14T21:26:54","guid":{"rendered":"http:\/\/www.elsindical.com.ar\/notas\/?p=48602"},"modified":"2015-01-14T18:26:54","modified_gmt":"2015-01-14T21:26:54","slug":"amenazas-en-torno-a-los-denunciantes-de-la-clinica-nuestra-senora-de-la-dulce-espera","status":"publish","type":"post","link":"https:\/\/www.elsindical.com.ar\/notas\/amenazas-en-torno-a-los-denunciantes-de-la-clinica-nuestra-senora-de-la-dulce-espera\/","title":{"rendered":"Amenazas en torno a los denunciantes de la Cl\u00ednica Nuestra Se\u00f1ora de la Dulce Espera"},"content":{"rendered":"<p><a href=\"http:\/\/www.elsindical.com.ar\/notas\/var\/www\/html\/notas\/wp-content\/uploads\/2015\/01\/IMG-20150114-WA0000.jpg\"><img loading=\"lazy\" decoding=\"async\" class=\"alignnone size-medium wp-image-48603\" src=\"http:\/\/www.elsindical.com.ar\/notas\/var\/www\/html\/notas\/wp-content\/uploads\/2015\/01\/IMG-20150114-WA0000-300x257.jpg\" alt=\"IMG-20150114-WA0000\" width=\"300\" height=\"257\" srcset=\"https:\/\/www.elsindical.com.ar\/notas\/var\/www\/html\/notas\/wp-content\/uploads\/2015\/01\/IMG-20150114-WA0000-300x257.jpg 300w, https:\/\/www.elsindical.com.ar\/notas\/var\/www\/html\/notas\/wp-content\/uploads\/2015\/01\/IMG-20150114-WA0000-350x300.jpg 350w, https:\/\/www.elsindical.com.ar\/notas\/var\/www\/html\/notas\/wp-content\/uploads\/2015\/01\/IMG-20150114-WA0000.jpg 502w\" sizes=\"auto, (max-width: 300px) 100vw, 300px\" \/><\/a>\u00a0 Hoy tomamos conocimiento en nuestra redacci\u00f3n de algunos llamados telef\u00f3nicos de padres que integran el grupo de denunciantes contra la Cl\u00ednica Nuestra Se\u00f1ora de la Dulce Espera, de la localidad de Sarand\u00ed, partido de Avellaneda, donde nos mencionaban que recibieron mensajes del tipo intimidatorios advirti\u00e9ndoles que les pod\u00eda suceder algo a ellos o su familia.<\/p>\n<p>Es indignante que esta gente recurra a acciones \u00abberretas\u00bb para garantizarse la impunidad con la que se manejaron durante muchos a\u00f1os, en los que han pasado muchas cosas graves, pero las autoridades nunca se ocuparon de inspeccionar.<\/p>\n<p>Desde el Multimedios El Sindical, les advertimos a estos cobardes que hoy se habr\u00e1n preocupado por las medidas que la justicia de Mor\u00f3n aplic\u00f3 a los m\u00e9dicos del Instituto M\u00e9dico G\u00fcemes, y tal vez sabiendo que lo ocurrido en Avellaneda es mucho m\u00e1s grave, se hayan envalentonado para semejante idiotez, habr\u00e1 que esperar, que la justicia actu\u00e9.<\/p>\n<p>Al parecer no se sienten del todo seguros con contar con el abogado Fernando Burlando, amigo del Ministro de Salud y del gobernador Daniel Scioli, parece que eso no les ancanza<\/p>\n<p>&nbsp;<\/p>\n<p>&nbsp;<\/p>\n<p><em><strong>Por Marcelo Ricardo Hawyrlciw<\/strong><\/em><\/p>\n","protected":false},"excerpt":{"rendered":"<p>\u00a0 Hoy tomamos conocimiento en nuestra redacci\u00f3n de algunos llamados telef\u00f3nicos de padres que integran el grupo de denunciantes contra la Cl\u00ednica Nuestra Se\u00f1ora de la Dulce Espera, de la localidad de Sarand\u00ed, partido de Avellaneda, donde nos mencionaban que recibieron mensajes del tipo intimidatorios advirti\u00e9ndoles que les pod\u00eda suceder algo a ellos o su&hellip;<\/p>\n","protected":false},"author":1,"featured_media":0,"comment_status":"open","ping_status":"open","sticky":false,"template":"","format":"standard","meta":{"footnotes":""},"categories":[6],"tags":[461,20706,983,4080,2330],"class_list":["post-48602","post","type-post","status-publish","format-standard","hentry","category-denuncias","tag-avellaneda","tag-collia","tag-daniel-scioli","tag-fernando-burlando","tag-sarandi"],"_links":{"self":[{"href":"https:\/\/www.elsindical.com.ar\/notas\/wp-json\/wp\/v2\/posts\/48602","targetHints":{"allow":["GET"]}}],"collection":[{"href":"https:\/\/www.elsindical.com.ar\/notas\/wp-json\/wp\/v2\/posts"}],"about":[{"href":"https:\/\/www.elsindical.com.ar\/notas\/wp-json\/wp\/v2\/types\/post"}],"author":[{"embeddable":true,"href":"https:\/\/www.elsindical.com.ar\/notas\/wp-json\/wp\/v2\/users\/1"}],"replies":[{"embeddable":true,"href":"https:\/\/www.elsindical.com.ar\/notas\/wp-json\/wp\/v2\/comments?post=48602"}],"version-history":[{"count":1,"href":"https:\/\/www.elsindical.com.ar\/notas\/wp-json\/wp\/v2\/posts\/48602\/revisions"}],"predecessor-version":[{"id":48604,"href":"https:\/\/www.elsindical.com.ar\/notas\/wp-json\/wp\/v2\/posts\/48602\/revisions\/48604"}],"wp:attachment":[{"href":"https:\/\/www.elsindical.com.ar\/notas\/wp-json\/wp\/v2\/media?parent=48602"}],"wp:term":[{"taxonomy":"category","embeddable":true,"href":"https:\/\/www.elsindical.com.ar\/notas\/wp-json\/wp\/v2\/categories?post=48602"},{"taxonomy":"post_tag","embeddable":true,"href":"https:\/\/www.elsindical.com.ar\/notas\/wp-json\/wp\/v2\/tags?post=48602"}],"curies":[{"name":"wp","href":"https:\/\/api.w.org\/{rel}","templated":true}]}}