{"id":48515,"date":"2015-01-11T00:22:17","date_gmt":"2015-01-11T03:22:17","guid":{"rendered":"http:\/\/www.elsindical.com.ar\/notas\/?p=48515"},"modified":"2015-01-11T00:22:17","modified_gmt":"2015-01-11T03:22:17","slug":"solicitud-de-ayuda-en-la-busqueda-del-velero-tunante-ii","status":"publish","type":"post","link":"https:\/\/www.elsindical.com.ar\/notas\/solicitud-de-ayuda-en-la-busqueda-del-velero-tunante-ii\/","title":{"rendered":"Solicitud de ayuda en la b\u00fasqueda del velero Tunante II,"},"content":{"rendered":"<p><strong><a href=\"http:\/\/www.elsindical.com.ar\/notas\/var\/www\/html\/notas\/wp-content\/uploads\/2015\/01\/Tunante.jpg\"><img loading=\"lazy\" decoding=\"async\" class=\"alignnone size-medium wp-image-48516\" src=\"http:\/\/www.elsindical.com.ar\/notas\/var\/www\/html\/notas\/wp-content\/uploads\/2015\/01\/Tunante-217x300.jpg\" alt=\"Tunante\" width=\"217\" height=\"300\" srcset=\"https:\/\/www.elsindical.com.ar\/notas\/var\/www\/html\/notas\/wp-content\/uploads\/2015\/01\/Tunante-217x300.jpg 217w, https:\/\/www.elsindical.com.ar\/notas\/var\/www\/html\/notas\/wp-content\/uploads\/2015\/01\/Tunante.jpg 531w\" sizes=\"auto, (max-width: 217px) 100vw, 217px\" \/><\/a>La familia a decidido ofrecer como recompensa el velero a quien lo encuentre con los tripulantes o que con su aporte haga que se encuentre a los tripulantes y al velero. Se trata de un Van 41 de 12,5 m de eslora, color blanco, desaparecido frente a las costas de Rio Grande do Sul, Brasil, el 26 de agosto de 2014, con cuatro ciudadanos argentinos a bordo: Dr. Jorge Benozzi, Dr .Alejandro Vernero, Mauro Cappuccio y Horacio Morales. Brasil abandon\u00f3 la b\u00fasqueda en el mes de octubre, dejando desamparados a los familiares.<\/strong><\/p>\n<p><strong>Gracias al sistema satelital Tomnod y al avistamiento de avi\u00f3n P3 de la Fuerza A\u00e9rea Brasil el 11\/10, se pudo saber que el velero permanece a flote y se encontrar\u00eda en el oc\u00e9ano Atl\u00e1ntico (Atl\u00e1ntico Sur). Adjuntamos flyer con fotos de los cuatro tripulantes y de la embarcaci\u00f3n. Puede acceder a mayor informaci\u00f3n en <a href=\"http:\/\/www.buscandoaltunante.com.ar\/\">www.buscandoaltunante.com.ar<\/a> o Facebook: \u201cNovedades B\u00fasqueda Tunante II (OFICIAL)<\/strong><\/p>\n<p><strong>Les recordamos que el velero se encuentre posiblemente a la deriva y sin bater\u00edas (no responder\u00eda a comunicaciones de radio), por lo tanto les solicitamos estar atentos a radares y contacto visual en vuestras navegaciones.<\/strong><\/p>\n<p>&nbsp;<\/p>\n<p><strong>GRACIAS INFINITAS<\/strong><\/p>\n<p>&nbsp;<\/p>\n<p><strong>Familia de los tripulantes del TUNANTE II<\/strong><\/p>\n","protected":false},"excerpt":{"rendered":"<p>La familia a decidido ofrecer como recompensa el velero a quien lo encuentre con los tripulantes o que con su aporte haga que se encuentre a los tripulantes y al velero. Se trata de un Van 41 de 12,5 m de eslora, color blanco, desaparecido frente a las costas de Rio Grande do Sul, Brasil,&hellip;<\/p>\n","protected":false},"author":1,"featured_media":0,"comment_status":"open","ping_status":"open","sticky":false,"template":"","format":"standard","meta":{"footnotes":""},"categories":[25],"tags":[127,95,20689],"class_list":["post-48515","post","type-post","status-publish","format-standard","hentry","category-sociedad","tag-argentina","tag-brasil","tag-velero"],"_links":{"self":[{"href":"https:\/\/www.elsindical.com.ar\/notas\/wp-json\/wp\/v2\/posts\/48515","targetHints":{"allow":["GET"]}}],"collection":[{"href":"https:\/\/www.elsindical.com.ar\/notas\/wp-json\/wp\/v2\/posts"}],"about":[{"href":"https:\/\/www.elsindical.com.ar\/notas\/wp-json\/wp\/v2\/types\/post"}],"author":[{"embeddable":true,"href":"https:\/\/www.elsindical.com.ar\/notas\/wp-json\/wp\/v2\/users\/1"}],"replies":[{"embeddable":true,"href":"https:\/\/www.elsindical.com.ar\/notas\/wp-json\/wp\/v2\/comments?post=48515"}],"version-history":[{"count":1,"href":"https:\/\/www.elsindical.com.ar\/notas\/wp-json\/wp\/v2\/posts\/48515\/revisions"}],"predecessor-version":[{"id":48517,"href":"https:\/\/www.elsindical.com.ar\/notas\/wp-json\/wp\/v2\/posts\/48515\/revisions\/48517"}],"wp:attachment":[{"href":"https:\/\/www.elsindical.com.ar\/notas\/wp-json\/wp\/v2\/media?parent=48515"}],"wp:term":[{"taxonomy":"category","embeddable":true,"href":"https:\/\/www.elsindical.com.ar\/notas\/wp-json\/wp\/v2\/categories?post=48515"},{"taxonomy":"post_tag","embeddable":true,"href":"https:\/\/www.elsindical.com.ar\/notas\/wp-json\/wp\/v2\/tags?post=48515"}],"curies":[{"name":"wp","href":"https:\/\/api.w.org\/{rel}","templated":true}]}}