{"id":48465,"date":"2015-01-07T20:14:04","date_gmt":"2015-01-07T23:14:04","guid":{"rendered":"http:\/\/www.elsindical.com.ar\/notas\/?p=48465"},"modified":"2015-01-07T20:14:04","modified_gmt":"2015-01-07T23:14:04","slug":"francia-identificaron-a-los-tres-terroristas-que-atacaron-la-revista-charlie-hebdo","status":"publish","type":"post","link":"https:\/\/www.elsindical.com.ar\/notas\/francia-identificaron-a-los-tres-terroristas-que-atacaron-la-revista-charlie-hebdo\/","title":{"rendered":"Francia: Identificaron a los tres terroristas que atacaron la revista Charlie Hebdo"},"content":{"rendered":"<p><em>\u00a0<a href=\"http:\/\/www.elsindical.com.ar\/notas\/var\/www\/html\/notas\/wp-content\/uploads\/2015\/01\/asesinos-de-Francia.jpg\"><img loading=\"lazy\" decoding=\"async\" class=\"alignnone size-medium wp-image-48467\" src=\"http:\/\/www.elsindical.com.ar\/notas\/var\/www\/html\/notas\/wp-content\/uploads\/2015\/01\/asesinos-de-Francia-300x169.jpg\" alt=\"asesinos-de-Francia\" width=\"300\" height=\"169\" srcset=\"https:\/\/www.elsindical.com.ar\/notas\/var\/www\/html\/notas\/wp-content\/uploads\/2015\/01\/asesinos-de-Francia-300x169.jpg 300w, https:\/\/www.elsindical.com.ar\/notas\/var\/www\/html\/notas\/wp-content\/uploads\/2015\/01\/asesinos-de-Francia-500x282.jpg 500w, https:\/\/www.elsindical.com.ar\/notas\/var\/www\/html\/notas\/wp-content\/uploads\/2015\/01\/asesinos-de-Francia.jpg 531w\" sizes=\"auto, (max-width: 300px) 100vw, 300px\" \/><\/a>Dos de ellos \u2013uno de 34 y otro de 32 a\u00f1os\u2013 pertenecen a la misma familia y ser\u00edan de Par\u00eds. El tercero, de 18, ser\u00eda de la ciudad de Reims. <b>Las autoridades ya tienen sus nombres<\/b>.<\/em><\/p>\n<p>Las fuerzas de seguridad francesas ya tienen identificados a los tres terroristas que abrieron fuego en la sede del semanario <i>Charlie Hebdo<\/i> y asesinaron a 12 personas, seg\u00fan revel\u00f3 una fuente al portal <i>20Minutes<\/i>. <b>Dos de los atacantes pertenecen a una misma familia <\/b>y tienen 32 y 34 a\u00f1os;<b> uno de ellos estaba se\u00f1alado como miembro de una red de reclutamiento iraqu\u00ed <\/b>que actuaba en el barrio 19 de Par\u00eds.<b> El tercero es un joven de 18 a\u00f1os que ser\u00eda de la ciudad de Reims<\/b>.<\/p>\n<p>Los hermanos identificados como parte de los tres agresores nacieron en Par\u00eds: Sa\u00efd Kouachi es el mayor y vino al mundo el 7 de septiembre de 1980; Ch\u00e9ririf Kouachi, el menor, el 29 de noviembre de 1982. El tercero, el m\u00e1s joven de los atacantes, ser\u00eda Hamyd Mourad, que naci\u00f3 el 8 de julio de 1996.<\/p>\n<p>Las investigaciones son llevadas a cabo por tres servicios de seguridad: la secci\u00f3n antiterrorista de la Brigada Criminal, la Direcci\u00f3n General de Seguridad Interior (DGSI) y la Subdirecci\u00f3n Antiterrorista de la Direcci\u00f3n Central de la Polic\u00eda Judicial. <b>La Polic\u00eda francesa mont\u00f3 un megaoperativo de cerca de 3.000 efectivos para buscarlos<\/b>. El ministro del Interior, Bernard Cazeneuve, asegur\u00f3 que todas las fuerzas del orden fueron movilizadas.<\/p>\n<p>Por otro lado, el director del FBI, James Comey, inform\u00f3 hoy que <b>la agencia de seguridad estadounidense est\u00e1 colaborando con la Polic\u00eda de Francia para llevar ante la Justicia a los responsables del ataque<\/b> a la revista sat\u00edrica.<\/p>\n<p>En total, 12 personas murieron en el atentado, entre ellas <b>el director de la publicaci\u00f3n, Charb, y los reconocidos dibujantes Cabu, Tignous y Wolinski<\/b>, mientras que otras 11 resultaron heridas. Los atacantes huyeron en un coche rumbo a la puerta de Pantin, que marca uno de los l\u00edmites entre Par\u00eds y los suburbios, y escaparon en un veh\u00edculo robado a otro automovilista con destino al noreste.<\/p>\n<p><b>Marchas en toda Francia y Europa<\/b><\/p>\n<p>Tras el brutal atentado, m\u00e1s de 100.000 personas marcharon en toda Francia. En Par\u00eds, la principal convocatoria fue en<b> la Plaza de la Rep\u00fablica<\/b>, punto cercano al lugar donde funcionaba la revista francesa.<\/p>\n<p>Los carteles <b>\u00abJe suis Charlie\u00bb<\/b> (\u00abYo soy Charlie\u00bb), con letra blanca sobre fondo negro, eran una constante entre los presentes. Tambi\u00e9n se le\u00eda <b>\u00abCharb mort libre\u00bb<\/b> (\u00abCharb muri\u00f3 libre\u00bb), en homenaje a Charb. <b>\u00abLa libertad de la prensa no tiene precio\u00bb<\/b>, rezaba otra pancarta que llevaban los manifestantes.<\/p>\n<p><b>M\u00e1s de 15.000 personas salieron a las calles de Lyon<\/b>, Rennes y Toulouse. En <b>Montpellier, Grenoble, Poitiers, Lille, Marsella, Bordeaux, Estrasburgo, Nantes, Rouen y Avignon<\/b>, entre otras ciudades, tambi\u00e9n se convocaron marchas contra el ataque terrorista y a favor de la libertad de prensa.<\/p>\n<p>En solidaridad con Francia, se organizaron adem\u00e1s movilizaciones en las embajadas francesas de las capitales de Europa, como <b>Berl\u00edn, Londres, Madrid, Bruselas y Roma<\/b>, seg\u00fan enumera <i>Le Nouvel Observateur<\/i>.<\/p>\n<p><a href=\"http:\/\/www.elsindical.com.ar\/notas\/var\/www\/html\/notas\/wp-content\/uploads\/2015\/01\/0012056239.jpg\"><img loading=\"lazy\" decoding=\"async\" class=\"alignnone size-medium wp-image-48466\" src=\"http:\/\/www.elsindical.com.ar\/notas\/var\/www\/html\/notas\/wp-content\/uploads\/2015\/01\/0012056239-300x169.jpg\" alt=\"0012056239\" width=\"300\" height=\"169\" srcset=\"https:\/\/www.elsindical.com.ar\/notas\/var\/www\/html\/notas\/wp-content\/uploads\/2015\/01\/0012056239-300x169.jpg 300w, https:\/\/www.elsindical.com.ar\/notas\/var\/www\/html\/notas\/wp-content\/uploads\/2015\/01\/0012056239-500x282.jpg 500w, https:\/\/www.elsindical.com.ar\/notas\/var\/www\/html\/notas\/wp-content\/uploads\/2015\/01\/0012056239.jpg 531w\" sizes=\"auto, (max-width: 300px) 100vw, 300px\" \/><\/a><\/p>\n","protected":false},"excerpt":{"rendered":"<p>\u00a0Dos de ellos \u2013uno de 34 y otro de 32 a\u00f1os\u2013 pertenecen a la misma familia y ser\u00edan de Par\u00eds. El tercero, de 18, ser\u00eda de la ciudad de Reims. Las autoridades ya tienen sus nombres. Las fuerzas de seguridad francesas ya tienen identificados a los tres terroristas que abrieron fuego en la sede del&hellip;<\/p>\n","protected":false},"author":1,"featured_media":0,"comment_status":"open","ping_status":"open","sticky":false,"template":"","format":"standard","meta":{"footnotes":""},"categories":[18],"tags":[1964,174,20673,1390,20678],"class_list":["post-48465","post","type-post","status-publish","format-standard","hentry","category-internacionales","tag-asesinos","tag-francia","tag-mahoma","tag-paris","tag-reims"],"_links":{"self":[{"href":"https:\/\/www.elsindical.com.ar\/notas\/wp-json\/wp\/v2\/posts\/48465","targetHints":{"allow":["GET"]}}],"collection":[{"href":"https:\/\/www.elsindical.com.ar\/notas\/wp-json\/wp\/v2\/posts"}],"about":[{"href":"https:\/\/www.elsindical.com.ar\/notas\/wp-json\/wp\/v2\/types\/post"}],"author":[{"embeddable":true,"href":"https:\/\/www.elsindical.com.ar\/notas\/wp-json\/wp\/v2\/users\/1"}],"replies":[{"embeddable":true,"href":"https:\/\/www.elsindical.com.ar\/notas\/wp-json\/wp\/v2\/comments?post=48465"}],"version-history":[{"count":1,"href":"https:\/\/www.elsindical.com.ar\/notas\/wp-json\/wp\/v2\/posts\/48465\/revisions"}],"predecessor-version":[{"id":48468,"href":"https:\/\/www.elsindical.com.ar\/notas\/wp-json\/wp\/v2\/posts\/48465\/revisions\/48468"}],"wp:attachment":[{"href":"https:\/\/www.elsindical.com.ar\/notas\/wp-json\/wp\/v2\/media?parent=48465"}],"wp:term":[{"taxonomy":"category","embeddable":true,"href":"https:\/\/www.elsindical.com.ar\/notas\/wp-json\/wp\/v2\/categories?post=48465"},{"taxonomy":"post_tag","embeddable":true,"href":"https:\/\/www.elsindical.com.ar\/notas\/wp-json\/wp\/v2\/tags?post=48465"}],"curies":[{"name":"wp","href":"https:\/\/api.w.org\/{rel}","templated":true}]}}