{"id":48450,"date":"2015-01-07T09:02:06","date_gmt":"2015-01-07T12:02:06","guid":{"rendered":"http:\/\/www.elsindical.com.ar\/notas\/?p=48450"},"modified":"2015-01-07T09:02:06","modified_gmt":"2015-01-07T12:02:06","slug":"escobar-denuncian-que-concejales-apuraron-una-ordenanza-que-beneficia-la-construccion-de-barrios-privados","status":"publish","type":"post","link":"https:\/\/www.elsindical.com.ar\/notas\/escobar-denuncian-que-concejales-apuraron-una-ordenanza-que-beneficia-la-construccion-de-barrios-privados\/","title":{"rendered":"Escobar: Denuncian que concejales apuraron una ordenanza que beneficia la construcci\u00f3n de barrios privados"},"content":{"rendered":"<p><em><a href=\"http:\/\/www.elsindical.com.ar\/notas\/var\/www\/html\/notas\/wp-content\/uploads\/2015\/01\/reclamo-humedales.jpg\"><img loading=\"lazy\" decoding=\"async\" class=\"alignnone size-medium wp-image-48451\" src=\"http:\/\/www.elsindical.com.ar\/notas\/var\/www\/html\/notas\/wp-content\/uploads\/2015\/01\/reclamo-humedales-300x179.jpg\" alt=\"reclamo-humedales\" width=\"300\" height=\"179\" srcset=\"https:\/\/www.elsindical.com.ar\/notas\/var\/www\/html\/notas\/wp-content\/uploads\/2015\/01\/reclamo-humedales-300x179.jpg 300w, https:\/\/www.elsindical.com.ar\/notas\/var\/www\/html\/notas\/wp-content\/uploads\/2015\/01\/reclamo-humedales-500x298.jpg 500w, https:\/\/www.elsindical.com.ar\/notas\/var\/www\/html\/notas\/wp-content\/uploads\/2015\/01\/reclamo-humedales.jpg 531w\" sizes=\"auto, (max-width: 300px) 100vw, 300px\" \/><\/a>La Asamblea Defensa del Humedal, denunci\u00f3 que en una sesi\u00f3n extraordinaria de cierre del 2014, los ediles aprobaron una ordenanza que facilita el establecimiento de barrios privados. \u201cLos concejales oficialistas se burlaron de las \u00faltimas movilizaciones en toda la Cuenca del R\u00edo Luj\u00e1n y del alerta que han dado equipos de investigaci\u00f3n de universidades nacionales y expertos en temas ambientales y urban\u00edsticos\u201d, denunciaron.<\/em><\/p>\n<p>Despu\u00e9s de la pol\u00e9mica que se gener\u00f3 en el 2014 cuando varios barrios quedaron bajo el agua y desde el Gobierno Provincial se apunt\u00f3 a la proliferaci\u00f3n de Countries, en el Concejo Deliberante de Escobar, se vot\u00f3 por el \u201creordenamiento del plan urbano\u201d para facilitar el establecimiento de barrios privados.<\/p>\n<p>Esta aprobaci\u00f3n a \u201clas apuradas\u201d fue denunciada por instituciones vecinales, culturales, sociales y ambientales, que vienen manifest\u00e1ndose en ciudades como Tigre, Escobar, y Pilar. Puntualmente en Escobar, la Asamblea en Defensa del Humedal, present\u00f3 un proyecto de ordenanza para autorizar s\u00f3lo emprendimientos sustentables sobre los cauces mayores de r\u00edos y arroyos, prohibiendo los barrios privados sobre humedales.<\/p>\n<p>Sin embargo, se vieron sorprendidos cuando los ediles del Frente Renovador llamaron a una sesi\u00f3n extraordinaria y \u201cvotaron a favor de un proyecto oficialista llamado \u201creordenamiento del plan urbano\u201d para facilitar el establecimiento de los barrios privados\u201d.<\/p>\n<p>\u201cLos concejales oficialistas se burlaron de las \u00faltimas movilizaciones en toda la Cuenca del R\u00edo Luj\u00e1n y del alerta que han dado equipos de investigaci\u00f3n de universidades nacionales y expertos en temas ambientales y urban\u00edsticos, acerca de la necesidad de prohibir este tipo de emprendimientos que perjudican a la mayor\u00eda de la poblaci\u00f3n y generan mayores inundaciones\u201d, se\u00f1alaron desde la asamblea.<\/p>\n<p>Por su parte, seg\u00fan publica el portal de noticias Escobarnews, el referente de la agrupaci\u00f3n HACE \u2013 Hay Alternativa para el Cambio en Escobar- Ariel Sujarchuk formul\u00f3 declaraciones a partir de las reiteradas protestas de vecinos y ambientalistas en el centro de Bel\u00e9n de Escobar en reclamo de la sanci\u00f3n de una ordenanza que proh\u00edba la radicaci\u00f3n de nuevos emprendimientos inmobiliarios en zonas bajas.<\/p>\n<p>\u201cEl municipio hace o\u00eddos sordos a los problemas de los vecinos, y observamos con mucha preocupaci\u00f3n que proliferan negocios inmobiliarios de unos pocos sin ning\u00fan tipo de control, en desmedro de una amplia mayor\u00eda de la poblaci\u00f3n que sufre las consecuencias\u201d, se\u00f1al\u00f3 Ariel Sujarchuk.<\/p>\n<p>En referencia a los humedales Sujarchuk asegur\u00f3 que \u201csi destruimos estos lugares, estamos poniendo en riesgo el consumo de las generaciones actuales y futuras\u201d, y agreg\u00f3: \u201cEstamos a favor del avance del progreso de manera organizada y haciendo hincapi\u00e9 en la conservaci\u00f3n de nuestros recursos naturales\u201d.<\/p>\n<p>&nbsp;<\/p>\n<p><strong>Fuente: InfoGEI<\/strong> Mg<\/p>\n","protected":false},"excerpt":{"rendered":"<p>La Asamblea Defensa del Humedal, denunci\u00f3 que en una sesi\u00f3n extraordinaria de cierre del 2014, los ediles aprobaron una ordenanza que facilita el establecimiento de barrios privados. \u201cLos concejales oficialistas se burlaron de las \u00faltimas movilizaciones en toda la Cuenca del R\u00edo Luj\u00e1n y del alerta que han dado equipos de investigaci\u00f3n de universidades nacionales&hellip;<\/p>\n","protected":false},"author":1,"featured_media":0,"comment_status":"open","ping_status":"open","sticky":false,"template":"","format":"standard","meta":{"footnotes":""},"categories":[6],"tags":[11729,1176,16587,1411,646,565],"class_list":["post-48450","post","type-post","status-publish","format-standard","hentry","category-denuncias","tag-concejales","tag-escobar","tag-hcd","tag-pilar","tag-tigre","tag-votacion"],"_links":{"self":[{"href":"https:\/\/www.elsindical.com.ar\/notas\/wp-json\/wp\/v2\/posts\/48450","targetHints":{"allow":["GET"]}}],"collection":[{"href":"https:\/\/www.elsindical.com.ar\/notas\/wp-json\/wp\/v2\/posts"}],"about":[{"href":"https:\/\/www.elsindical.com.ar\/notas\/wp-json\/wp\/v2\/types\/post"}],"author":[{"embeddable":true,"href":"https:\/\/www.elsindical.com.ar\/notas\/wp-json\/wp\/v2\/users\/1"}],"replies":[{"embeddable":true,"href":"https:\/\/www.elsindical.com.ar\/notas\/wp-json\/wp\/v2\/comments?post=48450"}],"version-history":[{"count":1,"href":"https:\/\/www.elsindical.com.ar\/notas\/wp-json\/wp\/v2\/posts\/48450\/revisions"}],"predecessor-version":[{"id":48452,"href":"https:\/\/www.elsindical.com.ar\/notas\/wp-json\/wp\/v2\/posts\/48450\/revisions\/48452"}],"wp:attachment":[{"href":"https:\/\/www.elsindical.com.ar\/notas\/wp-json\/wp\/v2\/media?parent=48450"}],"wp:term":[{"taxonomy":"category","embeddable":true,"href":"https:\/\/www.elsindical.com.ar\/notas\/wp-json\/wp\/v2\/categories?post=48450"},{"taxonomy":"post_tag","embeddable":true,"href":"https:\/\/www.elsindical.com.ar\/notas\/wp-json\/wp\/v2\/tags?post=48450"}],"curies":[{"name":"wp","href":"https:\/\/api.w.org\/{rel}","templated":true}]}}