{"id":48441,"date":"2015-01-06T18:45:29","date_gmt":"2015-01-06T21:45:29","guid":{"rendered":"http:\/\/www.elsindical.com.ar\/notas\/?p=48441"},"modified":"2015-01-06T18:45:29","modified_gmt":"2015-01-06T21:45:29","slug":"ya-estamos-en-papel","status":"publish","type":"post","link":"https:\/\/www.elsindical.com.ar\/notas\/ya-estamos-en-papel\/","title":{"rendered":"Ya estamos en papel !!"},"content":{"rendered":"<p><a href=\"http:\/\/www.elsindical.com.ar\/notas\/var\/www\/html\/notas\/wp-content\/uploads\/2015\/01\/Tapa-diario-enero-2015.jpg\"><img loading=\"lazy\" decoding=\"async\" class=\"alignnone size-medium wp-image-48443\" src=\"http:\/\/www.elsindical.com.ar\/notas\/var\/www\/html\/notas\/wp-content\/uploads\/2015\/01\/Tapa-diario-enero-2015-212x300.jpg\" alt=\"Tapa-diario-enero-2015\" width=\"212\" height=\"300\" srcset=\"https:\/\/www.elsindical.com.ar\/notas\/var\/www\/html\/notas\/wp-content\/uploads\/2015\/01\/Tapa-diario-enero-2015-212x300.jpg 212w, https:\/\/www.elsindical.com.ar\/notas\/var\/www\/html\/notas\/wp-content\/uploads\/2015\/01\/Tapa-diario-enero-2015.jpg 502w\" sizes=\"auto, (max-width: 212px) 100vw, 212px\" \/><\/a>Hoy es un d\u00eda para celebrar y agradecer a todos los que han hecho posible que sigamos creciendo, desde el mi\u00e9rcoles 7 de enero, ya estaremos en distintos puntos de Avellaneda, para los que no puedan acceder a la edici\u00f3n impresa, les dejamos el PDF, para que descarguen la misma.<\/p>\n<p>&nbsp;<\/p>\n","protected":false},"excerpt":{"rendered":"<p>Hoy es un d\u00eda para celebrar y agradecer a todos los que han hecho posible que sigamos creciendo, desde el mi\u00e9rcoles 7 de enero, ya estaremos en distintos puntos de Avellaneda, para los que no puedan acceder a la edici\u00f3n impresa, les dejamos el PDF, para que descarguen la misma. &nbsp;<\/p>\n","protected":false},"author":1,"featured_media":0,"comment_status":"open","ping_status":"open","sticky":false,"template":"","format":"standard","meta":{"footnotes":""},"categories":[1],"tags":[461,51,3251,17794,20671],"class_list":["post-48441","post","type-post","status-publish","format-standard","hentry","category-destacadas","tag-avellaneda","tag-diario","tag-el-sindical","tag-multimedios","tag-papel"],"_links":{"self":[{"href":"https:\/\/www.elsindical.com.ar\/notas\/wp-json\/wp\/v2\/posts\/48441","targetHints":{"allow":["GET"]}}],"collection":[{"href":"https:\/\/www.elsindical.com.ar\/notas\/wp-json\/wp\/v2\/posts"}],"about":[{"href":"https:\/\/www.elsindical.com.ar\/notas\/wp-json\/wp\/v2\/types\/post"}],"author":[{"embeddable":true,"href":"https:\/\/www.elsindical.com.ar\/notas\/wp-json\/wp\/v2\/users\/1"}],"replies":[{"embeddable":true,"href":"https:\/\/www.elsindical.com.ar\/notas\/wp-json\/wp\/v2\/comments?post=48441"}],"version-history":[{"count":2,"href":"https:\/\/www.elsindical.com.ar\/notas\/wp-json\/wp\/v2\/posts\/48441\/revisions"}],"predecessor-version":[{"id":48444,"href":"https:\/\/www.elsindical.com.ar\/notas\/wp-json\/wp\/v2\/posts\/48441\/revisions\/48444"}],"wp:attachment":[{"href":"https:\/\/www.elsindical.com.ar\/notas\/wp-json\/wp\/v2\/media?parent=48441"}],"wp:term":[{"taxonomy":"category","embeddable":true,"href":"https:\/\/www.elsindical.com.ar\/notas\/wp-json\/wp\/v2\/categories?post=48441"},{"taxonomy":"post_tag","embeddable":true,"href":"https:\/\/www.elsindical.com.ar\/notas\/wp-json\/wp\/v2\/tags?post=48441"}],"curies":[{"name":"wp","href":"https:\/\/api.w.org\/{rel}","templated":true}]}}