{"id":48417,"date":"2015-01-06T00:15:25","date_gmt":"2015-01-06T03:15:25","guid":{"rendered":"http:\/\/www.elsindical.com.ar\/notas\/?p=48417"},"modified":"2015-01-06T12:39:06","modified_gmt":"2015-01-06T15:39:06","slug":"la-gestion-de-ferraresi-sigue-despilfarrando-el-dinero-de-los-vecinos","status":"publish","type":"post","link":"https:\/\/www.elsindical.com.ar\/notas\/la-gestion-de-ferraresi-sigue-despilfarrando-el-dinero-de-los-vecinos\/","title":{"rendered":"La gesti\u00f3n de Ferraresi sigue despilfarrando el dinero de los vecinos"},"content":{"rendered":"<p><a href=\"http:\/\/www.elsindical.com.ar\/notas\/var\/www\/html\/notas\/wp-content\/uploads\/2015\/01\/camioneta-en-tecnopolis-1-de-enero.jpg\"><img loading=\"lazy\" decoding=\"async\" class=\"alignnone size-medium wp-image-48420\" src=\"http:\/\/www.elsindical.com.ar\/notas\/var\/www\/html\/notas\/wp-content\/uploads\/2015\/01\/camioneta-en-tecnopolis-1-de-enero-300x225.jpg\" alt=\"camioneta-en-tecnopolis-1-de-enero\" width=\"300\" height=\"225\" srcset=\"https:\/\/www.elsindical.com.ar\/notas\/var\/www\/html\/notas\/wp-content\/uploads\/2015\/01\/camioneta-en-tecnopolis-1-de-enero-300x225.jpg 300w, https:\/\/www.elsindical.com.ar\/notas\/var\/www\/html\/notas\/wp-content\/uploads\/2015\/01\/camioneta-en-tecnopolis-1-de-enero-400x300.jpg 400w, https:\/\/www.elsindical.com.ar\/notas\/var\/www\/html\/notas\/wp-content\/uploads\/2015\/01\/camioneta-en-tecnopolis-1-de-enero.jpg 620w\" sizes=\"auto, (max-width: 300px) 100vw, 300px\" \/><\/a>\u00a0\u00a0 Ya en forma exclusiva, hemos sido el \u00fanico medio en publicar todos los veh\u00edculos del municipio que se encuentran en lugares particulares, que se utilizan para realizar compras personales, llevar sus hijos y parejas de paseo, a escuelas y ahora hasta de vacaciones.<\/p>\n<p>La gesti\u00f3n no solo permite que empleados hagan abuso de los veh\u00edculos oficiales, sino que adem\u00e1s no hay criterio ya que una cosa es el descontrol local y otra es que los veh\u00edculos sean utilizados para escapadas a la costa o viajes de vacaciones, esto demuestra la impunidad con la que se manejan muchos de estos empleados.<\/p>\n<p>Por estos d\u00edas dos fotograf\u00edas nos demuestran que menos al servicio de los vecinos de Avellaneda, los veh\u00edculos se usan para hacer pol\u00edtica o bien para escapadas a la costa.<\/p>\n<p>El 1 de enero una camioneta y otros veh\u00edculos fueron fotografiados en Tecn\u00f3polis, y el domingo, una camioneta Toyota Hylux dominio colocado NLZ\u00a0 767, del municipio de Avellaneda fue fotografiada en la calle 70 y Playa en Mar del Tuy\u00fa, por un vecino Ignacio Jim\u00e9nez. Hoy martes al mediod\u00eda la camioneta continuaba en la costa, demostrando la impunidad con la que se mueve esta gente, gracias Ferraresi.<\/p>\n<p><a href=\"http:\/\/www.elsindical.com.ar\/notas\/var\/www\/html\/notas\/wp-content\/uploads\/2015\/01\/10898155.jpg\"><img loading=\"lazy\" decoding=\"async\" class=\"alignnone size-medium wp-image-48419\" src=\"http:\/\/www.elsindical.com.ar\/notas\/var\/www\/html\/notas\/wp-content\/uploads\/2015\/01\/10898155-300x217.jpg\" alt=\"10898155\" width=\"300\" height=\"217\" srcset=\"https:\/\/www.elsindical.com.ar\/notas\/var\/www\/html\/notas\/wp-content\/uploads\/2015\/01\/10898155-300x217.jpg 300w, https:\/\/www.elsindical.com.ar\/notas\/var\/www\/html\/notas\/wp-content\/uploads\/2015\/01\/10898155-414x300.jpg 414w, https:\/\/www.elsindical.com.ar\/notas\/var\/www\/html\/notas\/wp-content\/uploads\/2015\/01\/10898155.jpg 738w\" sizes=\"auto, (max-width: 300px) 100vw, 300px\" \/><\/a> <a href=\"http:\/\/www.elsindical.com.ar\/notas\/var\/www\/html\/notas\/wp-content\/uploads\/2015\/01\/1907963.jpg\"><img loading=\"lazy\" decoding=\"async\" class=\"alignnone size-medium wp-image-48418\" src=\"http:\/\/www.elsindical.com.ar\/notas\/var\/www\/html\/notas\/wp-content\/uploads\/2015\/01\/1907963-266x300.jpg\" alt=\"1907963\" width=\"266\" height=\"300\" srcset=\"https:\/\/www.elsindical.com.ar\/notas\/var\/www\/html\/notas\/wp-content\/uploads\/2015\/01\/1907963-266x300.jpg 266w, https:\/\/www.elsindical.com.ar\/notas\/var\/www\/html\/notas\/wp-content\/uploads\/2015\/01\/1907963.jpg 738w\" sizes=\"auto, (max-width: 266px) 100vw, 266px\" \/><\/a><\/p>\n","protected":false},"excerpt":{"rendered":"<p>\u00a0\u00a0 Ya en forma exclusiva, hemos sido el \u00fanico medio en publicar todos los veh\u00edculos del municipio que se encuentran en lugares particulares, que se utilizan para realizar compras personales, llevar sus hijos y parejas de paseo, a escuelas y ahora hasta de vacaciones. La gesti\u00f3n no solo permite que empleados hagan abuso de los&hellip;<\/p>\n","protected":false},"author":1,"featured_media":0,"comment_status":"open","ping_status":"open","sticky":false,"template":"","format":"standard","meta":{"footnotes":""},"categories":[6],"tags":[461,1062,20666,20321],"class_list":["post-48417","post","type-post","status-publish","format-standard","hentry","category-denuncias","tag-avellaneda","tag-jorge-ferraresi","tag-mar-del-tuyu","tag-tecnopolis"],"_links":{"self":[{"href":"https:\/\/www.elsindical.com.ar\/notas\/wp-json\/wp\/v2\/posts\/48417","targetHints":{"allow":["GET"]}}],"collection":[{"href":"https:\/\/www.elsindical.com.ar\/notas\/wp-json\/wp\/v2\/posts"}],"about":[{"href":"https:\/\/www.elsindical.com.ar\/notas\/wp-json\/wp\/v2\/types\/post"}],"author":[{"embeddable":true,"href":"https:\/\/www.elsindical.com.ar\/notas\/wp-json\/wp\/v2\/users\/1"}],"replies":[{"embeddable":true,"href":"https:\/\/www.elsindical.com.ar\/notas\/wp-json\/wp\/v2\/comments?post=48417"}],"version-history":[{"count":3,"href":"https:\/\/www.elsindical.com.ar\/notas\/wp-json\/wp\/v2\/posts\/48417\/revisions"}],"predecessor-version":[{"id":48437,"href":"https:\/\/www.elsindical.com.ar\/notas\/wp-json\/wp\/v2\/posts\/48417\/revisions\/48437"}],"wp:attachment":[{"href":"https:\/\/www.elsindical.com.ar\/notas\/wp-json\/wp\/v2\/media?parent=48417"}],"wp:term":[{"taxonomy":"category","embeddable":true,"href":"https:\/\/www.elsindical.com.ar\/notas\/wp-json\/wp\/v2\/categories?post=48417"},{"taxonomy":"post_tag","embeddable":true,"href":"https:\/\/www.elsindical.com.ar\/notas\/wp-json\/wp\/v2\/tags?post=48417"}],"curies":[{"name":"wp","href":"https:\/\/api.w.org\/{rel}","templated":true}]}}