{"id":48395,"date":"2015-01-05T12:20:56","date_gmt":"2015-01-05T15:20:56","guid":{"rendered":"http:\/\/www.elsindical.com.ar\/notas\/?p=48395"},"modified":"2015-01-05T12:20:56","modified_gmt":"2015-01-05T15:20:56","slug":"el-alcohol-altera-la-estructura-neuronal-del-cerebro","status":"publish","type":"post","link":"https:\/\/www.elsindical.com.ar\/notas\/el-alcohol-altera-la-estructura-neuronal-del-cerebro\/","title":{"rendered":"El alcohol altera la estructura neuronal del cerebro"},"content":{"rendered":"<p><a href=\"http:\/\/www.elsindical.com.ar\/notas\/var\/www\/html\/notas\/wp-content\/uploads\/2015\/01\/cerebro-cableado.jpg\"><img loading=\"lazy\" decoding=\"async\" class=\"alignnone size-medium wp-image-48396\" src=\"http:\/\/www.elsindical.com.ar\/notas\/var\/www\/html\/notas\/wp-content\/uploads\/2015\/01\/cerebro-cableado-300x213.jpg\" alt=\"cerebro-cableado\" width=\"300\" height=\"213\" srcset=\"https:\/\/www.elsindical.com.ar\/notas\/var\/www\/html\/notas\/wp-content\/uploads\/2015\/01\/cerebro-cableado-300x213.jpg 300w, https:\/\/www.elsindical.com.ar\/notas\/var\/www\/html\/notas\/wp-content\/uploads\/2015\/01\/cerebro-cableado-423x300.jpg 423w, https:\/\/www.elsindical.com.ar\/notas\/var\/www\/html\/notas\/wp-content\/uploads\/2015\/01\/cerebro-cableado.jpg 531w\" sizes=\"auto, (max-width: 300px) 100vw, 300px\" \/><\/a>Existen multitud de estudios que confirman que el <strong>consumo excesivo de alcohol puede causar da\u00f1o al cerebro<\/strong>. Pero, por primera vez, un equipo de investigadores de la Universidad del Pa\u00eds Vasco (Espa\u00f1a) y la Universidad de Nottingham (Reino Unido) ha revelado qu\u00e9 da\u00f1os estructurales a nivel molecular puede causar este exceso en nuestro cerebro. El estudio ha sido publicado en la revista <em>Plos One<\/em>.<\/p>\n<p>Los investigadores analizaron los cerebros de 20 personas fallecidas a las que se les hab\u00eda diagnosticado abuso de alcohol o dependencia alcoh\u00f3lica, as\u00ed como otros 20 cerebros de personas fallecidas, que no fueron alcoh\u00f3licas. Tras estudiar la corteza prefrontal de todos ellos, <strong>los expertos detectaron diversas alteraciones en el citoesqueleto neuronal de los pacientes alcoh\u00f3licos; concretamente, en las prote\u00ednas alfa y beta tubulina y espectrina beta II<\/strong>.<\/p>\n<p>Tras ahondar en este hallazgo, descubrieron que la zona del cerebro que controla las funciones ejecutivas, como el dise\u00f1o de estrategias, la memoria de trabajo, la planificaci\u00f3n o el control de la conducta, estaba alterada exclusivamente en los pacientes alcoh\u00f3licos. As\u00ed, utilizando t\u00e9cnicas de prote\u00f3mica para localizar y marcar cu\u00e1les eran las prote\u00ednas modificadas en esas neuronas, hallaron que<strong> los elementos modificados pertenec\u00edan a las familias de prote\u00ednas denominadas tubulinas y espectrinas, quienes facilitan la relaci\u00f3n y la actividad entre los componentes de la red neuronal del cerebro<\/strong>.<\/p>\n<p>Seg\u00fan los expertos, esta alteraci\u00f3n en la estructura neuronal del cerebro provocada por el etanol, <strong>podr\u00eda explicar los problemas de comportamiento, cognitivos y de aprendizaje<\/strong>, que suelen presentar la personas alcoh\u00f3licas.<\/p>\n","protected":false},"excerpt":{"rendered":"<p>Existen multitud de estudios que confirman que el consumo excesivo de alcohol puede causar da\u00f1o al cerebro. Pero, por primera vez, un equipo de investigadores de la Universidad del Pa\u00eds Vasco (Espa\u00f1a) y la Universidad de Nottingham (Reino Unido) ha revelado qu\u00e9 da\u00f1os estructurales a nivel molecular puede causar este exceso en nuestro cerebro. El&hellip;<\/p>\n","protected":false},"author":1,"featured_media":0,"comment_status":"open","ping_status":"open","sticky":false,"template":"","format":"standard","meta":{"footnotes":""},"categories":[23],"tags":[108,3684,22031],"class_list":["post-48395","post","type-post","status-publish","format-standard","hentry","category-salud","tag-alcohol","tag-cerebro","tag-salud"],"_links":{"self":[{"href":"https:\/\/www.elsindical.com.ar\/notas\/wp-json\/wp\/v2\/posts\/48395","targetHints":{"allow":["GET"]}}],"collection":[{"href":"https:\/\/www.elsindical.com.ar\/notas\/wp-json\/wp\/v2\/posts"}],"about":[{"href":"https:\/\/www.elsindical.com.ar\/notas\/wp-json\/wp\/v2\/types\/post"}],"author":[{"embeddable":true,"href":"https:\/\/www.elsindical.com.ar\/notas\/wp-json\/wp\/v2\/users\/1"}],"replies":[{"embeddable":true,"href":"https:\/\/www.elsindical.com.ar\/notas\/wp-json\/wp\/v2\/comments?post=48395"}],"version-history":[{"count":1,"href":"https:\/\/www.elsindical.com.ar\/notas\/wp-json\/wp\/v2\/posts\/48395\/revisions"}],"predecessor-version":[{"id":48397,"href":"https:\/\/www.elsindical.com.ar\/notas\/wp-json\/wp\/v2\/posts\/48395\/revisions\/48397"}],"wp:attachment":[{"href":"https:\/\/www.elsindical.com.ar\/notas\/wp-json\/wp\/v2\/media?parent=48395"}],"wp:term":[{"taxonomy":"category","embeddable":true,"href":"https:\/\/www.elsindical.com.ar\/notas\/wp-json\/wp\/v2\/categories?post=48395"},{"taxonomy":"post_tag","embeddable":true,"href":"https:\/\/www.elsindical.com.ar\/notas\/wp-json\/wp\/v2\/tags?post=48395"}],"curies":[{"name":"wp","href":"https:\/\/api.w.org\/{rel}","templated":true}]}}