{"id":48357,"date":"2015-01-03T11:32:38","date_gmt":"2015-01-03T14:32:38","guid":{"rendered":"http:\/\/www.elsindical.com.ar\/notas\/?p=48357"},"modified":"2015-01-03T11:32:38","modified_gmt":"2015-01-03T14:32:38","slug":"quilmes-investigan-posible-asesinato-de-mujer-policia","status":"publish","type":"post","link":"https:\/\/www.elsindical.com.ar\/notas\/quilmes-investigan-posible-asesinato-de-mujer-policia\/","title":{"rendered":"Quilmes: Investigan posible asesinato de mujer polic\u00eda"},"content":{"rendered":"<p><em><a href=\"http:\/\/www.elsindical.com.ar\/notas\/var\/www\/html\/notas\/wp-content\/uploads\/2015\/01\/10897055.jpg\"><img loading=\"lazy\" decoding=\"async\" class=\"alignnone size-medium wp-image-48358\" src=\"http:\/\/www.elsindical.com.ar\/notas\/var\/www\/html\/notas\/wp-content\/uploads\/2015\/01\/10897055-300x170.jpg\" alt=\"10897055\" width=\"300\" height=\"170\" srcset=\"https:\/\/www.elsindical.com.ar\/notas\/var\/www\/html\/notas\/wp-content\/uploads\/2015\/01\/10897055-300x170.jpg 300w, https:\/\/www.elsindical.com.ar\/notas\/var\/www\/html\/notas\/wp-content\/uploads\/2015\/01\/10897055-500x284.jpg 500w, https:\/\/www.elsindical.com.ar\/notas\/var\/www\/html\/notas\/wp-content\/uploads\/2015\/01\/10897055.jpg 620w\" sizes=\"auto, (max-width: 300px) 100vw, 300px\" \/><\/a>Recibi\u00f3 un tiro en su casa y frente a su hija de 8 a\u00f1os. Para los investigadores, sufr\u00eda un cuadro depresivo y se quit\u00f3 la vida. Pero su padre y los vecinos denuncian que la asesin\u00f3 su pareja, tambi\u00e9n polic\u00eda.<\/em><\/p>\n<p>Muerte de mujer polic\u00eda: \u00bfsuicidio o femicidio?<\/p>\n<p>Una mujer que se desempe\u00f1aba en la Polic\u00eda Federal muri\u00f3 al recibir un disparo, frente a su peque\u00f1a hija, en un hecho ocurrido ayer, en una vivienda del partido de Quilmes, que seg\u00fan los familiares de la v\u00edctima, se trat\u00f3 de un homicidio, ejecutado por la actual pareja de la joven, tambi\u00e9n efectivo policial, aunque los investigadores del caso abonan la hip\u00f3tesis de un suicidio, basado en un presunto estado depresivo.<\/p>\n<p>El caso, a\u00fan no esclarecido y que presenta como \u00abun episodio confuso\u00bb, se registr\u00f3 ayer, cerca del mediod\u00eda, en la casa de la calle Esmeralda al 1900, casi esquina Amoedo, de Quilmes Oeste. De acuerdo a lo indicado por algunos vecinos la relaci\u00f3n de la pareja de polic\u00edas no era buena, con algunas peleas y fundamentalmente, destacaron que \u00abes un tipo violento\u00bb. En tal sentido, expresaron que \u00abla habr\u00eda matado en una discusi\u00f3n y delante de la nena, una chiquita de unos 8 a\u00f1os, que sali\u00f3 a la calle, gritando: Papito mat\u00f3 a mamita\u00bb.<\/p>\n<p>Personal de la comisar\u00eda 9\u00aa de Quilmes intervino en el caso, alertados por la gente de la cuadra, aunque voceros policiales manifestaron que fueron llamados \u00abpor el esposo de la v\u00edctima, quien dio cuenta que su mujer, que es polic\u00eda de la Federal, se mat\u00f3 de un tiro en la cabeza, ya que estar\u00eda atravesando un cuadro de profunda depresi\u00f3n\u00bb.<\/p>\n<p>En medio de un total hermetismo, impuesto por el \u00absecreto de sumario\u00bb en el caso, trascendi\u00f3 que la v\u00edctima, de 28 a\u00f1os, fue encontrada ya muerta por su actual pareja, tambi\u00e9n miembro de la fuerza de seguridad, y que los peritajes, como as\u00ed tambi\u00e9n la autopsia que se practicara al cuerpo, arrojar\u00e1n certezas sobre s\u00ed se trat\u00f3 de un suicidio o un homicidio.<br \/>\nEl padre de la chica muerta expres\u00f3 que \u00abesto viene desde hace rato. El tipo llegaba, le pegaba a ella y a mi nieta tambi\u00e9n. El la mat\u00f3\u00bb, sin dejar lugar a dudas sobre la existencia de un femicidio, con antecedentes de episodio de violencia de g\u00e9nero, nunca denunciados.<\/p>\n<p>Adem\u00e1s, el hombre, de nombre Atilio, manifest\u00f3, en declaraciones a radio FM Q, que el sospechoso, un polic\u00eda de 50 a\u00f1os, estar \u00abseguro\u00bb, en relaci\u00f3n a descartar un suicidio. \u00abMi hija no habr\u00eda querido quitarse la vida, era joven y ten\u00eda todo el futuro por delante. Ten\u00eda una hija chiquita. \u00bfC\u00f3mo va a querer quitarse la vida?\u00bb.<\/p>\n<p>Si bien la \u00abversi\u00f3n oficial\u00bb de los investigadores apunta a un suicidio, a los a\u00fan conmocionados vecinos no les \u00abcierra\u00bb esa hip\u00f3tesis. \u00abMuchos escucharon un tiro, aproximadamente a las 10 de la ma\u00f1ana, y el esposo de la chica reci\u00e9n aviso a la Polic\u00eda y a la familia de ella, despu\u00e9s de las 13.30. Es como que tuvo tiempo de ordenar y limpiar la escena de crimen\u00bb.<\/p>\n<p>Por otra parte, una mujer, que vive a unos pocos metros de la casa donde ocurri\u00f3 la muerte de la joven, llamada Estefania, \u00abhasta que aparecieron los patrulleros, el comentario de todos era que le hab\u00eda pegado un tiro en una discusi\u00f3n y hay quienes vieron a la nenita, gritando \u00abPapito mat\u00f3 a mamita\u00bb. Despu\u00e9s, los polic\u00edas salieron a decir que ella se hab\u00eda suicidado y todo es muy raro, sobre todo cuando se trata de una pareja de polic\u00edas y la sensaci\u00f3n es que quieren cubrir todo\u00bb<\/p>\n","protected":false},"excerpt":{"rendered":"<p>Recibi\u00f3 un tiro en su casa y frente a su hija de 8 a\u00f1os. Para los investigadores, sufr\u00eda un cuadro depresivo y se quit\u00f3 la vida. Pero su padre y los vecinos denuncian que la asesin\u00f3 su pareja, tambi\u00e9n polic\u00eda. Muerte de mujer polic\u00eda: \u00bfsuicidio o femicidio? Una mujer que se desempe\u00f1aba en la Polic\u00eda&hellip;<\/p>\n","protected":false},"author":1,"featured_media":0,"comment_status":"open","ping_status":"open","sticky":false,"template":"","format":"standard","meta":{"footnotes":""},"categories":[22],"tags":[748,2329,958,14764,522],"class_list":["post-48357","post","type-post","status-publish","format-standard","hentry","category-policiales","tag-agente","tag-homicidio","tag-policia-federal","tag-quilmes-oeste","tag-suicidio"],"_links":{"self":[{"href":"https:\/\/www.elsindical.com.ar\/notas\/wp-json\/wp\/v2\/posts\/48357","targetHints":{"allow":["GET"]}}],"collection":[{"href":"https:\/\/www.elsindical.com.ar\/notas\/wp-json\/wp\/v2\/posts"}],"about":[{"href":"https:\/\/www.elsindical.com.ar\/notas\/wp-json\/wp\/v2\/types\/post"}],"author":[{"embeddable":true,"href":"https:\/\/www.elsindical.com.ar\/notas\/wp-json\/wp\/v2\/users\/1"}],"replies":[{"embeddable":true,"href":"https:\/\/www.elsindical.com.ar\/notas\/wp-json\/wp\/v2\/comments?post=48357"}],"version-history":[{"count":1,"href":"https:\/\/www.elsindical.com.ar\/notas\/wp-json\/wp\/v2\/posts\/48357\/revisions"}],"predecessor-version":[{"id":48359,"href":"https:\/\/www.elsindical.com.ar\/notas\/wp-json\/wp\/v2\/posts\/48357\/revisions\/48359"}],"wp:attachment":[{"href":"https:\/\/www.elsindical.com.ar\/notas\/wp-json\/wp\/v2\/media?parent=48357"}],"wp:term":[{"taxonomy":"category","embeddable":true,"href":"https:\/\/www.elsindical.com.ar\/notas\/wp-json\/wp\/v2\/categories?post=48357"},{"taxonomy":"post_tag","embeddable":true,"href":"https:\/\/www.elsindical.com.ar\/notas\/wp-json\/wp\/v2\/tags?post=48357"}],"curies":[{"name":"wp","href":"https:\/\/api.w.org\/{rel}","templated":true}]}}