{"id":48350,"date":"2015-01-02T22:13:10","date_gmt":"2015-01-03T01:13:10","guid":{"rendered":"http:\/\/www.elsindical.com.ar\/notas\/?p=48350"},"modified":"2015-01-02T22:13:10","modified_gmt":"2015-01-03T01:13:10","slug":"grotesca-playa-tematica-de-urribarri-para-instalar-su-candidatura","status":"publish","type":"post","link":"https:\/\/www.elsindical.com.ar\/notas\/grotesca-playa-tematica-de-urribarri-para-instalar-su-candidatura\/","title":{"rendered":"Grotesca playa tem\u00e1tica de Urribarri para instalar su candidatura"},"content":{"rendered":"<p><em><a href=\"http:\/\/www.elsindical.com.ar\/notas\/var\/www\/html\/notas\/wp-content\/uploads\/2015\/01\/urribarri-playa.jpg\"><img loading=\"lazy\" decoding=\"async\" class=\"alignnone size-medium wp-image-48351\" src=\"http:\/\/www.elsindical.com.ar\/notas\/var\/www\/html\/notas\/wp-content\/uploads\/2015\/01\/urribarri-playa-300x185.jpg\" alt=\"urribarri-playa\" width=\"300\" height=\"185\" srcset=\"https:\/\/www.elsindical.com.ar\/notas\/var\/www\/html\/notas\/wp-content\/uploads\/2015\/01\/urribarri-playa-300x185.jpg 300w, https:\/\/www.elsindical.com.ar\/notas\/var\/www\/html\/notas\/wp-content\/uploads\/2015\/01\/urribarri-playa-486x300.jpg 486w, https:\/\/www.elsindical.com.ar\/notas\/var\/www\/html\/notas\/wp-content\/uploads\/2015\/01\/urribarri-playa.jpg 502w\" sizes=\"auto, (max-width: 300px) 100vw, 300px\" \/><\/a>El gobernador de Entre R\u00edos mont\u00f3 un \u00abparador\u00bb en Mar del Plata que no es otra cosa que un stand promocional de su figura.<\/em><\/p>\n<p><span style=\"font-size: small;\">La precandidatura de <\/span><strong><span style=\"font-size: small;\">Sergio Urribarri <\/span><\/strong><span style=\"font-size: small;\">no prende. Las encuestas lo muestran con n\u00fameros muy bajos. A\u00fan dentro de la interna del cristinismo, donde empalidece frente a<\/span><strong><span style=\"font-size: small;\"> Daniel Scioli <\/span><\/strong><span style=\"font-size: small;\">y<\/span><strong><span style=\"font-size: small;\"> Florencio Randazzo<\/span><\/strong><span style=\"font-size: small;\">.<\/span><\/p>\n<div>Uno de los principales escollos para el gobernador de Entre R\u00edos es su poco conocimiento por parte del electorado a nivel nacional.<\/div>\n<div><\/div>\n<div>Entonces, para tratar de instalarse ante la opini\u00f3n p\u00fablica, Urribarri dise\u00f1\u00f3 un \u00abparador\u00bb tem\u00e1tico en Mar del Plata. Seg\u00fan el gobernador, la idea es que \u00ablos millones de argentinos que elijan la costa puedan ver algo de lo que es Entre R\u00edos\u201d.<\/div>\n<div><\/div>\n<div>Pero en realidad, a partir de lo que se ve en algunas im\u00e1genes, la iniciativa no parece m\u00e1s que un stand promocional de la figura de Urribarri, que por la cantidad y tama\u00f1o de las fotos del mandatario que tiene raya lo grotesco.<\/div>\n<div><\/div>\n<div>Tampoco se ver\u00edan en el \u00abparador\u00bb artistas representativos de Entre R\u00edos. <a href=\"http:\/\/www.letrap.com.ar\/blog\/2015\/01\/02\/papelon-arman-playa-de-entre-rios-con-la-foto-de-urribarri-para-que-lo-conozcan\/\" target=\"_blank\">Se\u00f1ala el portal Letra P<\/a>:<\/div>\n<div><\/div>\n<div><em>\u00abLejos de darle una impronta que caracterice a su provincia, prepara un recital con la banda de electro pop melodram\u00e1tico Miranda, en un evento conducido por el cordob\u00e9s Leo Montero que tendr\u00e1 el humor de Miguel \u00c1ngel Cherutti y el rebo 5 (<\/em>N. de R: del programa de &#8216;Peligro-Sin Condificar&#8217;),<em> Nazareno M\u00f3tolla.<\/em><\/div>\n<div><\/div>\n<div><em>Este fin de semana, ninguna chamarrita se escuchar\u00e1 por el extremo norte de La Perla. Ese ritmo caracter\u00edstico de las cuchillas entrerrianas parece no importarle a Urribarri, hoy abocado a figurar en las encuestas a pesar de dejar atr\u00e1s la esencia entrerriana.<\/em><\/div>\n<div><\/div>\n<div><em>Con inflables, toboganes e im\u00e1genes gigantes de su rostro con la leyenda \u201cUrribarri 2015\u201d, el Pato quiere hacer pie en el destino predilecto por la mayor\u00eda de los argentinos. Aferrado a instalar su parco \u201cSue\u00f1o Entrerriano\u201d, quiere ser uno de los pol\u00edticos m\u00e1s generosos esta temporada\u00bb.<\/em><\/div>\n","protected":false},"excerpt":{"rendered":"<p>El gobernador de Entre R\u00edos mont\u00f3 un \u00abparador\u00bb en Mar del Plata que no es otra cosa que un stand promocional de su figura. La precandidatura de Sergio Urribarri no prende. Las encuestas lo muestran con n\u00fameros muy bajos. A\u00fan dentro de la interna del cristinismo, donde empalidece frente a Daniel Scioli y Florencio Randazzo.&hellip;<\/p>\n","protected":false},"author":1,"featured_media":0,"comment_status":"open","ping_status":"open","sticky":false,"template":"","format":"standard","meta":{"footnotes":""},"categories":[13],"tags":[1386,1995,18670],"class_list":["post-48350","post","type-post","status-publish","format-standard","hentry","category-politica","tag-entre-rios","tag-florencio-randazzo","tag-sergio-urribarri"],"_links":{"self":[{"href":"https:\/\/www.elsindical.com.ar\/notas\/wp-json\/wp\/v2\/posts\/48350","targetHints":{"allow":["GET"]}}],"collection":[{"href":"https:\/\/www.elsindical.com.ar\/notas\/wp-json\/wp\/v2\/posts"}],"about":[{"href":"https:\/\/www.elsindical.com.ar\/notas\/wp-json\/wp\/v2\/types\/post"}],"author":[{"embeddable":true,"href":"https:\/\/www.elsindical.com.ar\/notas\/wp-json\/wp\/v2\/users\/1"}],"replies":[{"embeddable":true,"href":"https:\/\/www.elsindical.com.ar\/notas\/wp-json\/wp\/v2\/comments?post=48350"}],"version-history":[{"count":1,"href":"https:\/\/www.elsindical.com.ar\/notas\/wp-json\/wp\/v2\/posts\/48350\/revisions"}],"predecessor-version":[{"id":48352,"href":"https:\/\/www.elsindical.com.ar\/notas\/wp-json\/wp\/v2\/posts\/48350\/revisions\/48352"}],"wp:attachment":[{"href":"https:\/\/www.elsindical.com.ar\/notas\/wp-json\/wp\/v2\/media?parent=48350"}],"wp:term":[{"taxonomy":"category","embeddable":true,"href":"https:\/\/www.elsindical.com.ar\/notas\/wp-json\/wp\/v2\/categories?post=48350"},{"taxonomy":"post_tag","embeddable":true,"href":"https:\/\/www.elsindical.com.ar\/notas\/wp-json\/wp\/v2\/tags?post=48350"}],"curies":[{"name":"wp","href":"https:\/\/api.w.org\/{rel}","templated":true}]}}