{"id":48287,"date":"2014-12-30T08:55:52","date_gmt":"2014-12-30T11:55:52","guid":{"rendered":"http:\/\/www.elsindical.com.ar\/notas\/?p=48287"},"modified":"2014-12-30T21:20:32","modified_gmt":"2014-12-31T00:20:32","slug":"nueva-marcha-en-avellaneda-por-la-libertad-de-claudio-danilo-y-matias","status":"publish","type":"post","link":"https:\/\/www.elsindical.com.ar\/notas\/nueva-marcha-en-avellaneda-por-la-libertad-de-claudio-danilo-y-matias\/","title":{"rendered":"Nueva marcha en Avellaneda por la libertad de Claudio, Danilo y Mat\u00edas"},"content":{"rendered":"<p><em><a href=\"http:\/\/www.elsindical.com.ar\/notas\/var\/www\/html\/notas\/wp-content\/uploads\/2014\/12\/P1480581.jpg\"><img loading=\"lazy\" decoding=\"async\" class=\"alignnone size-medium wp-image-48291\" src=\"http:\/\/www.elsindical.com.ar\/notas\/var\/www\/html\/notas\/wp-content\/uploads\/2014\/12\/P1480581-300x216.jpg\" alt=\"P1480581\" width=\"300\" height=\"216\" srcset=\"https:\/\/www.elsindical.com.ar\/notas\/var\/www\/html\/notas\/wp-content\/uploads\/2014\/12\/P1480581-300x216.jpg 300w, https:\/\/www.elsindical.com.ar\/notas\/var\/www\/html\/notas\/wp-content\/uploads\/2014\/12\/P1480581-416x300.jpg 416w, https:\/\/www.elsindical.com.ar\/notas\/var\/www\/html\/notas\/wp-content\/uploads\/2014\/12\/P1480581.jpg 620w\" sizes=\"auto, (max-width: 300px) 100vw, 300px\" \/><\/a>Una nueva marcha se realiz\u00f3 el lunes 29 de diciembre por la libertad de los j\u00f3venes Claudio, Danilo y Mat\u00edas, acusados por el asesinato del polic\u00eda Reynoso, y que se encuentran detenidos a pesar de que sus familiares denuncian que los verdaderos asesinos est\u00e1n libres.<\/em><\/p>\n<p>Con el apoyo de otros familiares de v\u00edctimas de violencia institucional y agrupaciones de derechos humanos, se concentraron en la esquina de Av. Mitre y Maip\u00fa, donde luego de acordar con el personal policial destacado en el lugar una corta marcha y el corte parcial de la Av. Mitre y Mariano Acosta, por unos minutos para poder hacer visible el reclamo y entregar panfletos a los automovilistas, todo se desarrollo de forma ordenada y sin incidentes.<\/p>\n<p>Los familiares destacaron el trato del personal policial, y volvieron a aclarar que el pedido de justicia tambi\u00e9n es importante para ellos, para que la familia de su compa\u00f1ero asesinado tengan justicia.<\/p>\n<p>En estos d\u00edas la familia ha tenido un rol activo, se han reunido con diferentes funcionarios y organizaciones, muchos de los que comenzaron a acompa\u00f1ar a la familia se mostraron extra\u00f1ados por la falta de solidaridad de parte del municipio de Avellaneda, ya que si se analiza la situaci\u00f3n que existan tres j\u00f3venes detenidos inocentes y en su lugar tres asesinos en libertad, deber\u00eda ser un tema importante para el intendente Jorge Ferraresi, por la seguridad y el respeto de los derechos de los vecinos.<\/p>\n<p><a href=\"http:\/\/www.elsindical.com.ar\/notas\/var\/www\/html\/notas\/wp-content\/uploads\/2014\/12\/P1480591.jpg\"><img loading=\"lazy\" decoding=\"async\" class=\"alignnone size-medium wp-image-48290\" src=\"http:\/\/www.elsindical.com.ar\/notas\/var\/www\/html\/notas\/wp-content\/uploads\/2014\/12\/P1480591-300x216.jpg\" alt=\"P1480591\" width=\"300\" height=\"216\" srcset=\"https:\/\/www.elsindical.com.ar\/notas\/var\/www\/html\/notas\/wp-content\/uploads\/2014\/12\/P1480591-300x216.jpg 300w, https:\/\/www.elsindical.com.ar\/notas\/var\/www\/html\/notas\/wp-content\/uploads\/2014\/12\/P1480591-416x300.jpg 416w, https:\/\/www.elsindical.com.ar\/notas\/var\/www\/html\/notas\/wp-content\/uploads\/2014\/12\/P1480591.jpg 620w\" sizes=\"auto, (max-width: 300px) 100vw, 300px\" \/><\/a> <a href=\"http:\/\/www.elsindical.com.ar\/notas\/var\/www\/html\/notas\/wp-content\/uploads\/2014\/12\/P1480594.jpg\"><img loading=\"lazy\" decoding=\"async\" class=\"alignnone size-medium wp-image-48289\" src=\"http:\/\/www.elsindical.com.ar\/notas\/var\/www\/html\/notas\/wp-content\/uploads\/2014\/12\/P1480594-300x209.jpg\" alt=\"P1480594\" width=\"300\" height=\"209\" srcset=\"https:\/\/www.elsindical.com.ar\/notas\/var\/www\/html\/notas\/wp-content\/uploads\/2014\/12\/P1480594-300x209.jpg 300w, https:\/\/www.elsindical.com.ar\/notas\/var\/www\/html\/notas\/wp-content\/uploads\/2014\/12\/P1480594-432x300.jpg 432w, https:\/\/www.elsindical.com.ar\/notas\/var\/www\/html\/notas\/wp-content\/uploads\/2014\/12\/P1480594.jpg 620w\" sizes=\"auto, (max-width: 300px) 100vw, 300px\" \/><\/a><a href=\"http:\/\/www.elsindical.com.ar\/notas\/var\/www\/html\/notas\/wp-content\/uploads\/2014\/12\/P1480605.jpg\"><img loading=\"lazy\" decoding=\"async\" class=\"alignnone size-medium wp-image-48292\" src=\"http:\/\/www.elsindical.com.ar\/notas\/var\/www\/html\/notas\/wp-content\/uploads\/2014\/12\/P1480605-300x225.jpg\" alt=\"P1480605\" width=\"300\" height=\"225\" srcset=\"https:\/\/www.elsindical.com.ar\/notas\/var\/www\/html\/notas\/wp-content\/uploads\/2014\/12\/P1480605-300x225.jpg 300w, https:\/\/www.elsindical.com.ar\/notas\/var\/www\/html\/notas\/wp-content\/uploads\/2014\/12\/P1480605-400x300.jpg 400w, https:\/\/www.elsindical.com.ar\/notas\/var\/www\/html\/notas\/wp-content\/uploads\/2014\/12\/P1480605.jpg 620w\" sizes=\"auto, (max-width: 300px) 100vw, 300px\" \/><\/a><\/p>\n<p><iframe loading=\"lazy\" src=\"\/\/www.youtube.com\/embed\/fXZHykmTTfE?list=UUbParqdNFYJTnRa1N7putjg\" width=\"580\" height=\"420\" frameborder=\"0\" allowfullscreen=\"allowfullscreen\"><\/iframe><\/p>\n<p><em><strong>\u00a0Por Marcelo Ricardo Hawrylciw<\/strong><\/em><\/p>\n","protected":false},"excerpt":{"rendered":"<p>Una nueva marcha se realiz\u00f3 el lunes 29 de diciembre por la libertad de los j\u00f3venes Claudio, Danilo y Mat\u00edas, acusados por el asesinato del polic\u00eda Reynoso, y que se encuentran detenidos a pesar de que sus familiares denuncian que los verdaderos asesinos est\u00e1n libres. Con el apoyo de otros familiares de v\u00edctimas de violencia&hellip;<\/p>\n","protected":false},"author":1,"featured_media":0,"comment_status":"open","ping_status":"open","sticky":false,"template":"","format":"standard","meta":{"footnotes":""},"categories":[25],"tags":[19142,20630,157,1684,156,6525],"class_list":["post-48287","post","type-post","status-publish","format-standard","hentry","category-sociedad","tag-claudio","tag-danilo","tag-familiares","tag-libertad","tag-marcha","tag-matias"],"_links":{"self":[{"href":"https:\/\/www.elsindical.com.ar\/notas\/wp-json\/wp\/v2\/posts\/48287","targetHints":{"allow":["GET"]}}],"collection":[{"href":"https:\/\/www.elsindical.com.ar\/notas\/wp-json\/wp\/v2\/posts"}],"about":[{"href":"https:\/\/www.elsindical.com.ar\/notas\/wp-json\/wp\/v2\/types\/post"}],"author":[{"embeddable":true,"href":"https:\/\/www.elsindical.com.ar\/notas\/wp-json\/wp\/v2\/users\/1"}],"replies":[{"embeddable":true,"href":"https:\/\/www.elsindical.com.ar\/notas\/wp-json\/wp\/v2\/comments?post=48287"}],"version-history":[{"count":3,"href":"https:\/\/www.elsindical.com.ar\/notas\/wp-json\/wp\/v2\/posts\/48287\/revisions"}],"predecessor-version":[{"id":48301,"href":"https:\/\/www.elsindical.com.ar\/notas\/wp-json\/wp\/v2\/posts\/48287\/revisions\/48301"}],"wp:attachment":[{"href":"https:\/\/www.elsindical.com.ar\/notas\/wp-json\/wp\/v2\/media?parent=48287"}],"wp:term":[{"taxonomy":"category","embeddable":true,"href":"https:\/\/www.elsindical.com.ar\/notas\/wp-json\/wp\/v2\/categories?post=48287"},{"taxonomy":"post_tag","embeddable":true,"href":"https:\/\/www.elsindical.com.ar\/notas\/wp-json\/wp\/v2\/tags?post=48287"}],"curies":[{"name":"wp","href":"https:\/\/api.w.org\/{rel}","templated":true}]}}