{"id":48278,"date":"2014-12-30T01:08:26","date_gmt":"2014-12-30T04:08:26","guid":{"rendered":"http:\/\/www.elsindical.com.ar\/notas\/?p=48278"},"modified":"2014-12-30T01:14:56","modified_gmt":"2014-12-30T04:14:56","slug":"la-secretaria-de-derechos-humanos-de-la-nacion-ya-interviene-en-el-caso-de-los-tres-jovenes-detenidos-en-avellaneda","status":"publish","type":"post","link":"https:\/\/www.elsindical.com.ar\/notas\/la-secretaria-de-derechos-humanos-de-la-nacion-ya-interviene-en-el-caso-de-los-tres-jovenes-detenidos-en-avellaneda\/","title":{"rendered":"La secretaria de Derechos Humanos de la Naci\u00f3n ya interviene en el caso de los tres j\u00f3venes detenidos en Avellaneda"},"content":{"rendered":"<p><a href=\"http:\/\/www.elsindical.com.ar\/notas\/var\/www\/html\/notas\/wp-content\/uploads\/2014\/12\/P1480534.jpg\"><img loading=\"lazy\" decoding=\"async\" class=\"alignnone size-medium wp-image-48280\" src=\"http:\/\/www.elsindical.com.ar\/notas\/var\/www\/html\/notas\/wp-content\/uploads\/2014\/12\/P1480534-300x200.jpg\" alt=\"P1480534\" width=\"300\" height=\"200\" srcset=\"https:\/\/www.elsindical.com.ar\/notas\/var\/www\/html\/notas\/wp-content\/uploads\/2014\/12\/P1480534-300x200.jpg 300w, https:\/\/www.elsindical.com.ar\/notas\/var\/www\/html\/notas\/wp-content\/uploads\/2014\/12\/P1480534-449x300.jpg 449w, https:\/\/www.elsindical.com.ar\/notas\/var\/www\/html\/notas\/wp-content\/uploads\/2014\/12\/P1480534.jpg 620w\" sizes=\"auto, (max-width: 300px) 100vw, 300px\" \/><\/a>A partir del 29 de diciembre del 2014, la Secretar\u00eda de Derechos Humanos de la Naci\u00f3n, interviene en el caso de los tres j\u00f3venes detenidos, Claudio y Danilo Castro, adem\u00e1s de Mat\u00edas Cer\u00f3n. Imputados por el crimen del polic\u00eda Reynoso en la localidad de Sarand\u00ed.<\/p>\n<p>La familia de los detenidos denuncia que todo se mont\u00f3 para demostrar que la polic\u00eda trabaja r\u00e1pido y no se busc\u00f3 llegar a la verdad, y m\u00e1s all\u00e1 de que alguno de los j\u00f3venes posee antecedentes, esto no avala la vulneraci\u00f3n de sus derechos.<\/p>\n<p>Esta tarde la Dra. Sandra Furio Coordinadora de PRONALCI ( Programa Nacional de Lucha contra la Impunidad) recibi\u00f3 a Alejandro Vilches, hermano de Claudio y Danilo, en las oficinas de la Secretar\u00eda de Derechos Humanos, para interiorizarse de la causa y asesorarlo para que sus hermanos y su familia, tengan contenci\u00f3n profesional integral.<\/p>\n<p><a href=\"http:\/\/www.elsindical.com.ar\/notas\/var\/www\/html\/notas\/wp-content\/uploads\/2014\/12\/P1480527.jpg\"><img loading=\"lazy\" decoding=\"async\" class=\" size-medium wp-image-48283 aligncenter\" src=\"http:\/\/www.elsindical.com.ar\/notas\/var\/www\/html\/notas\/wp-content\/uploads\/2014\/12\/P1480527-300x208.jpg\" alt=\"P1480527\" width=\"300\" height=\"208\" srcset=\"https:\/\/www.elsindical.com.ar\/notas\/var\/www\/html\/notas\/wp-content\/uploads\/2014\/12\/P1480527-300x208.jpg 300w, https:\/\/www.elsindical.com.ar\/notas\/var\/www\/html\/notas\/wp-content\/uploads\/2014\/12\/P1480527-433x300.jpg 433w, https:\/\/www.elsindical.com.ar\/notas\/var\/www\/html\/notas\/wp-content\/uploads\/2014\/12\/P1480527.jpg 620w\" sizes=\"auto, (max-width: 300px) 100vw, 300px\" \/><\/a><\/p>\n<p>&nbsp;<\/p>\n","protected":false},"excerpt":{"rendered":"<p>A partir del 29 de diciembre del 2014, la Secretar\u00eda de Derechos Humanos de la Naci\u00f3n, interviene en el caso de los tres j\u00f3venes detenidos, Claudio y Danilo Castro, adem\u00e1s de Mat\u00edas Cer\u00f3n. Imputados por el crimen del polic\u00eda Reynoso en la localidad de Sarand\u00ed. La familia de los detenidos denuncia que todo se mont\u00f3&hellip;<\/p>\n","protected":false},"author":1,"featured_media":0,"comment_status":"open","ping_status":"open","sticky":false,"template":"","format":"standard","meta":{"footnotes":""},"categories":[8],"tags":[20626,20627,22022,742,20628,20625,20624],"class_list":["post-48278","post","type-post","status-publish","format-standard","hentry","category-derechos-humanos","tag-claudio-castro","tag-danilo-castro","tag-derechos-humanos","tag-detenidos","tag-matias-ceron","tag-pronalci","tag-sandra-furio"],"_links":{"self":[{"href":"https:\/\/www.elsindical.com.ar\/notas\/wp-json\/wp\/v2\/posts\/48278","targetHints":{"allow":["GET"]}}],"collection":[{"href":"https:\/\/www.elsindical.com.ar\/notas\/wp-json\/wp\/v2\/posts"}],"about":[{"href":"https:\/\/www.elsindical.com.ar\/notas\/wp-json\/wp\/v2\/types\/post"}],"author":[{"embeddable":true,"href":"https:\/\/www.elsindical.com.ar\/notas\/wp-json\/wp\/v2\/users\/1"}],"replies":[{"embeddable":true,"href":"https:\/\/www.elsindical.com.ar\/notas\/wp-json\/wp\/v2\/comments?post=48278"}],"version-history":[{"count":4,"href":"https:\/\/www.elsindical.com.ar\/notas\/wp-json\/wp\/v2\/posts\/48278\/revisions"}],"predecessor-version":[{"id":48284,"href":"https:\/\/www.elsindical.com.ar\/notas\/wp-json\/wp\/v2\/posts\/48278\/revisions\/48284"}],"wp:attachment":[{"href":"https:\/\/www.elsindical.com.ar\/notas\/wp-json\/wp\/v2\/media?parent=48278"}],"wp:term":[{"taxonomy":"category","embeddable":true,"href":"https:\/\/www.elsindical.com.ar\/notas\/wp-json\/wp\/v2\/categories?post=48278"},{"taxonomy":"post_tag","embeddable":true,"href":"https:\/\/www.elsindical.com.ar\/notas\/wp-json\/wp\/v2\/tags?post=48278"}],"curies":[{"name":"wp","href":"https:\/\/api.w.org\/{rel}","templated":true}]}}