{"id":48260,"date":"2014-12-29T21:36:47","date_gmt":"2014-12-30T00:36:47","guid":{"rendered":"http:\/\/www.elsindical.com.ar\/notas\/?p=48260"},"modified":"2014-12-29T21:36:47","modified_gmt":"2014-12-30T00:36:47","slug":"los-monotributistas-podran-utilizar-sus-facturas-en-2015","status":"publish","type":"post","link":"https:\/\/www.elsindical.com.ar\/notas\/los-monotributistas-podran-utilizar-sus-facturas-en-2015\/","title":{"rendered":"Los monotributistas podr\u00e1n utilizar sus facturas en 2015"},"content":{"rendered":"<p><a href=\"http:\/\/www.elsindical.com.ar\/notas\/var\/www\/html\/notas\/wp-content\/uploads\/2013\/05\/monotributistas-retenciones.jpg\"><img loading=\"lazy\" decoding=\"async\" class=\"alignnone size-medium wp-image-34492\" src=\"http:\/\/www.elsindical.com.ar\/notas\/var\/www\/html\/notas\/wp-content\/uploads\/2013\/05\/monotributistas-retenciones-300x225.jpg\" alt=\"monotributistas-retenciones\" width=\"300\" height=\"225\" srcset=\"https:\/\/www.elsindical.com.ar\/notas\/var\/www\/html\/notas\/wp-content\/uploads\/2013\/05\/monotributistas-retenciones-300x225.jpg 300w, https:\/\/www.elsindical.com.ar\/notas\/var\/www\/html\/notas\/wp-content\/uploads\/2013\/05\/monotributistas-retenciones-399x300.jpg 399w, https:\/\/www.elsindical.com.ar\/notas\/var\/www\/html\/notas\/wp-content\/uploads\/2013\/05\/monotributistas-retenciones.jpg 413w\" sizes=\"auto, (max-width: 300px) 100vw, 300px\" \/><\/a>A partir del a\u00f1o que viene se podr\u00e1n seguir utilizando las boletas impresas antes de noviembre de 2014, anunciar\u00eda en breve la Administraci\u00f3n Federal de Ingresos P\u00fablicos (AFIP). Es que la Resoluci\u00f3n General 3665 de la AFIP estableci\u00f3 que desde el mes pasado todos los adheridos al Monotributo deber\u00e1n solicitar un permiso al organismo para imprimir nuevas facturas pero los que cuentan con comprobantes impresos al 1 de noviembre, tendr\u00edan 60 d\u00edas de pr\u00f3rroga que vencer\u00e1n el 31 de diciembre pr\u00f3ximo.<\/p>\n<p>El Administrador Federal, Ricardo Echegaray, hab\u00eda dicho el 1 de diciembre pasado en una conferencia de prensa que se emitir\u00eda una resoluci\u00f3n complementaria para que los talonarios ya impresos puedan seguir siendo utilizados hasta su finalizaci\u00f3n. Sin embargo, hasta el d\u00eda de la fecha la norma no se ha emitido y, en rigor, el anuncio del funcionario en la pr\u00e1ctica no est\u00e1 vigente.<\/p>\n","protected":false},"excerpt":{"rendered":"<p>A partir del a\u00f1o que viene se podr\u00e1n seguir utilizando las boletas impresas antes de noviembre de 2014, anunciar\u00eda en breve la Administraci\u00f3n Federal de Ingresos P\u00fablicos (AFIP). Es que la Resoluci\u00f3n General 3665 de la AFIP estableci\u00f3 que desde el mes pasado todos los adheridos al Monotributo deber\u00e1n solicitar un permiso al organismo para&hellip;<\/p>\n","protected":false},"author":1,"featured_media":0,"comment_status":"open","ping_status":"open","sticky":false,"template":"","format":"standard","meta":{"footnotes":""},"categories":[9],"tags":[69,5784,3553],"class_list":["post-48260","post","type-post","status-publish","format-standard","hentry","category-economia","tag-afip","tag-monotributo","tag-ricardo-echegaray"],"_links":{"self":[{"href":"https:\/\/www.elsindical.com.ar\/notas\/wp-json\/wp\/v2\/posts\/48260","targetHints":{"allow":["GET"]}}],"collection":[{"href":"https:\/\/www.elsindical.com.ar\/notas\/wp-json\/wp\/v2\/posts"}],"about":[{"href":"https:\/\/www.elsindical.com.ar\/notas\/wp-json\/wp\/v2\/types\/post"}],"author":[{"embeddable":true,"href":"https:\/\/www.elsindical.com.ar\/notas\/wp-json\/wp\/v2\/users\/1"}],"replies":[{"embeddable":true,"href":"https:\/\/www.elsindical.com.ar\/notas\/wp-json\/wp\/v2\/comments?post=48260"}],"version-history":[{"count":1,"href":"https:\/\/www.elsindical.com.ar\/notas\/wp-json\/wp\/v2\/posts\/48260\/revisions"}],"predecessor-version":[{"id":48261,"href":"https:\/\/www.elsindical.com.ar\/notas\/wp-json\/wp\/v2\/posts\/48260\/revisions\/48261"}],"wp:attachment":[{"href":"https:\/\/www.elsindical.com.ar\/notas\/wp-json\/wp\/v2\/media?parent=48260"}],"wp:term":[{"taxonomy":"category","embeddable":true,"href":"https:\/\/www.elsindical.com.ar\/notas\/wp-json\/wp\/v2\/categories?post=48260"},{"taxonomy":"post_tag","embeddable":true,"href":"https:\/\/www.elsindical.com.ar\/notas\/wp-json\/wp\/v2\/tags?post=48260"}],"curies":[{"name":"wp","href":"https:\/\/api.w.org\/{rel}","templated":true}]}}