{"id":48224,"date":"2014-12-28T09:19:31","date_gmt":"2014-12-28T12:19:31","guid":{"rendered":"http:\/\/www.elsindical.com.ar\/notas\/?p=48224"},"modified":"2014-12-28T09:19:55","modified_gmt":"2014-12-28T12:19:55","slug":"avellaneda-masacre-2-muertos-y-una-herida-grave-el-asesino-profugo","status":"publish","type":"post","link":"https:\/\/www.elsindical.com.ar\/notas\/avellaneda-masacre-2-muertos-y-una-herida-grave-el-asesino-profugo\/","title":{"rendered":"Avellaneda: Masacre 2 muertos y una herida grave habr\u00eda dos asesinos pr\u00f3fugos"},"content":{"rendered":"<p><a href=\"http:\/\/www.elsindical.com.ar\/notas\/var\/www\/html\/notas\/wp-content\/uploads\/2014\/12\/P1480476.jpg\"><img loading=\"lazy\" decoding=\"async\" class=\"alignnone size-medium wp-image-48225\" src=\"http:\/\/www.elsindical.com.ar\/notas\/var\/www\/html\/notas\/wp-content\/uploads\/2014\/12\/P1480476-300x197.jpg\" alt=\"P1480476\" width=\"300\" height=\"197\" srcset=\"https:\/\/www.elsindical.com.ar\/notas\/var\/www\/html\/notas\/wp-content\/uploads\/2014\/12\/P1480476-300x197.jpg 300w, https:\/\/www.elsindical.com.ar\/notas\/var\/www\/html\/notas\/wp-content\/uploads\/2014\/12\/P1480476-457x300.jpg 457w, https:\/\/www.elsindical.com.ar\/notas\/var\/www\/html\/notas\/wp-content\/uploads\/2014\/12\/P1480476.jpg 620w\" sizes=\"auto, (max-width: 300px) 100vw, 300px\" \/><\/a> Esta ma\u00f1ana, el partido de Avellaneda, volvi\u00f3 a ser escenario de un tr\u00e1gico hecho de sangre, donde un hombre en la calle Montes de Oca al 700 asesin\u00f3 a una mujer, a un vecino y dej\u00f3 mal herida a la hija de la mujer asesinada, en los medios su hijo Mauricio acus\u00f3 que el homicida es una persona peligrosa, que tiene varias muertes y otros delitos, a pesar de que se encontraba en libertad.<\/p>\n<p>Seg\u00fan los testimonios de Mauricio, hijo de la v\u00edctima, el asesino es Alberto \u00c1ngel P\u00e9rez de unos 50 a\u00f1os, una persona que seg\u00fan sus dichos siempre tuvo protecci\u00f3n policial, y se lo conoc\u00eda como un \u00abbuch\u00f3n\u00bb de la polic\u00eda, apuntando a la comisar\u00eda 1ra de Avellaneda.<\/p>\n<p>Mientras estaban los medios cubriendo la noticia, se hizo presente la hermana del vecinos asesinado quien acus\u00f3 al ex esposo de la joven internada, asegurando que en el hecho hay dos asesinos, uno Alberto \u00c1ngel P\u00e9rez, quien mat\u00f3 a su vecina y dej\u00f3 grave a su hija Yamila Rosso de 22 a\u00f1os, la cual cuando estaba en el suelo fue socorrida por un vecino, momentos en que se hace presente su ex pareja \u00c1ngel Machuca, el que le dispar\u00f3 un tiro en la cabeza al vecino, se cree al pensar que el vecino que auxiliaba a la mujer era su atacante.<\/p>\n<p>&nbsp;<\/p>\n","protected":false},"excerpt":{"rendered":"<p>Esta ma\u00f1ana, el partido de Avellaneda, volvi\u00f3 a ser escenario de un tr\u00e1gico hecho de sangre, donde un hombre en la calle Montes de Oca al 700 asesin\u00f3 a una mujer, a un vecino y dej\u00f3 mal herida a la hija de la mujer asesinada, en los medios su hijo Mauricio acus\u00f3 que el homicida&hellip;<\/p>\n","protected":false},"author":1,"featured_media":0,"comment_status":"open","ping_status":"open","sticky":false,"template":"","format":"standard","meta":{"footnotes":""},"categories":[22],"tags":[20607,20608,4209,461,1031,7665],"class_list":["post-48224","post","type-post","status-publish","format-standard","hentry","category-policiales","tag-alberto-angel-perez","tag-angel-machuca","tag-asesinatos","tag-avellaneda","tag-mauricio","tag-yamila"],"_links":{"self":[{"href":"https:\/\/www.elsindical.com.ar\/notas\/wp-json\/wp\/v2\/posts\/48224","targetHints":{"allow":["GET"]}}],"collection":[{"href":"https:\/\/www.elsindical.com.ar\/notas\/wp-json\/wp\/v2\/posts"}],"about":[{"href":"https:\/\/www.elsindical.com.ar\/notas\/wp-json\/wp\/v2\/types\/post"}],"author":[{"embeddable":true,"href":"https:\/\/www.elsindical.com.ar\/notas\/wp-json\/wp\/v2\/users\/1"}],"replies":[{"embeddable":true,"href":"https:\/\/www.elsindical.com.ar\/notas\/wp-json\/wp\/v2\/comments?post=48224"}],"version-history":[{"count":2,"href":"https:\/\/www.elsindical.com.ar\/notas\/wp-json\/wp\/v2\/posts\/48224\/revisions"}],"predecessor-version":[{"id":48227,"href":"https:\/\/www.elsindical.com.ar\/notas\/wp-json\/wp\/v2\/posts\/48224\/revisions\/48227"}],"wp:attachment":[{"href":"https:\/\/www.elsindical.com.ar\/notas\/wp-json\/wp\/v2\/media?parent=48224"}],"wp:term":[{"taxonomy":"category","embeddable":true,"href":"https:\/\/www.elsindical.com.ar\/notas\/wp-json\/wp\/v2\/categories?post=48224"},{"taxonomy":"post_tag","embeddable":true,"href":"https:\/\/www.elsindical.com.ar\/notas\/wp-json\/wp\/v2\/tags?post=48224"}],"curies":[{"name":"wp","href":"https:\/\/api.w.org\/{rel}","templated":true}]}}