{"id":48195,"date":"2014-12-26T14:25:21","date_gmt":"2014-12-26T17:25:21","guid":{"rendered":"http:\/\/www.elsindical.com.ar\/notas\/?p=48195"},"modified":"2014-12-26T14:25:21","modified_gmt":"2014-12-26T17:25:21","slug":"el-cels-patrocinara-al-fiscal-gonella-en-la-causa-que-investiga-bonadio","status":"publish","type":"post","link":"https:\/\/www.elsindical.com.ar\/notas\/el-cels-patrocinara-al-fiscal-gonella-en-la-causa-que-investiga-bonadio\/","title":{"rendered":"El CELS patrocinar\u00e1 al fiscal Gonella en la causa que investiga Bonadio"},"content":{"rendered":"<p><a href=\"http:\/\/www.elsindical.com.ar\/notas\/var\/www\/html\/notas\/wp-content\/uploads\/2014\/11\/Fiscal-Carlos-Gonella.jpg\"><img loading=\"lazy\" decoding=\"async\" class=\"alignnone size-medium wp-image-47162\" src=\"http:\/\/www.elsindical.com.ar\/notas\/var\/www\/html\/notas\/wp-content\/uploads\/2014\/11\/Fiscal-Carlos-Gonella-300x205.jpg\" alt=\"Fiscal-Carlos-Gonella\" width=\"300\" height=\"205\" srcset=\"https:\/\/www.elsindical.com.ar\/notas\/var\/www\/html\/notas\/wp-content\/uploads\/2014\/11\/Fiscal-Carlos-Gonella-300x205.jpg 300w, https:\/\/www.elsindical.com.ar\/notas\/var\/www\/html\/notas\/wp-content\/uploads\/2014\/11\/Fiscal-Carlos-Gonella-437x300.jpg 437w, https:\/\/www.elsindical.com.ar\/notas\/var\/www\/html\/notas\/wp-content\/uploads\/2014\/11\/Fiscal-Carlos-Gonella.jpg 502w\" sizes=\"auto, (max-width: 300px) 100vw, 300px\" \/><\/a><\/p>\n<p><em>El Centro de Estudios Legales y Sociales defender\u00e1 al titular de la Procuradur\u00ed\u00ada de Criminalidad Econ\u00f3mica y Lavado de Activos (Procelac) al considerar que en la imputaci\u00f3n \u00abest\u00e1 en juego la libertad de expresi\u00f3n y el acceso a la informaci\u00f3n\u00bb.<\/em><\/p>\n<p>El fiscal titular de la Procuradur\u00ed\u00ada de Criminalidad Econ\u00f3mica y Lavado de Activos (Procelac), Carlos Gonella, ser\u00e1 patrocinado por el Centro de Estudios Legales y Sociales (CELS) en la causa abierta por el juez Claudio Bonadio por presunta \u00abviolaci\u00f3n de secretos\u00bb, al considerar que en la imputaci\u00f3n \u00abest\u00e1 en juego la libertad de expresi\u00f3n y el acceso a la informaci\u00f3n\u00bb.<\/p>\n<p>As\u00ed lo indic\u00f3 esta ma\u00f1ana el representante del Ministerio P\u00fablico en su cuenta de Twitter, donde escribi\u00f3 que el CELS lo defender\u00e1 \u00abpor estar en juego la libertad de expresi\u00f3n\u00bb y el acceso a la informaci\u00f3n.<\/p>\n<p>Gonella es investigado por Bonadio en una causa por presunta \u00abviolaci\u00f3n de secretos\u00bb, al haber difundido en el sitio Fiscales.gob.ar informaci\u00f3n sobre treinta personas vinculadas al lavado de activos del narcotr\u00e1fico, entre ellas la jueza Mar\u00eda Gabriela Lanz, pareja de un traficante condenado.<\/p>\n<p>D\u00edas atr\u00e1s, el magistrado cit\u00f3 a indagatoria al fiscal, quien present\u00f3 un escrito en el Juzgado Federal N\u00b011 con el patrocinio letrado de su defensor oficial, Gustavo Kollmann, aunque esta presentaci\u00f3n para Bonadio no fue suficiente y lo consider\u00f3 \u00aben rebeld\u00eda\u00bb, prohibiendo la salida del pa\u00eds.<\/p>\n<p>En ese contexto, el martes, el letrado oficial, apel\u00f3 ante la C\u00e1mara de Apelaciones la resoluci\u00f3n del juez federal por \u00abviolar el principio de igualdad, de inocencia y el derecho a la libertad durante el proceso\u00bb.<\/p>\n<p>Seg\u00fan el portal del Ministerio P\u00fablico, Fiscales.gob.ar, en la apelaci\u00f3n se se\u00f1ala que Gonella \u00abse present\u00f3 el d\u00ed\u00ada y hora citados por derecho propio a trav\u00e9s de un escrito, ratificando que se encontraba a derecho pero se\u00f1alando que al mantenerse las condiciones de hecho y de derecho vigentes es que no se presentar\u00e1 para llevar a cabo la audiencia indagatoria\u00bb.<\/p>\n","protected":false},"excerpt":{"rendered":"<p>El Centro de Estudios Legales y Sociales defender\u00e1 al titular de la Procuradur\u00ed\u00ada de Criminalidad Econ\u00f3mica y Lavado de Activos (Procelac) al considerar que en la imputaci\u00f3n \u00abest\u00e1 en juego la libertad de expresi\u00f3n y el acceso a la informaci\u00f3n\u00bb. El fiscal titular de la Procuradur\u00ed\u00ada de Criminalidad Econ\u00f3mica y Lavado de Activos (Procelac), Carlos&hellip;<\/p>\n","protected":false},"author":1,"featured_media":0,"comment_status":"open","ping_status":"open","sticky":false,"template":"","format":"standard","meta":{"footnotes":""},"categories":[20],"tags":[809,8447,15357],"class_list":["post-48195","post","type-post","status-publish","format-standard","hentry","category-judiciales","tag-cels","tag-juez-federal-claudio-bonadio","tag-procelac"],"_links":{"self":[{"href":"https:\/\/www.elsindical.com.ar\/notas\/wp-json\/wp\/v2\/posts\/48195","targetHints":{"allow":["GET"]}}],"collection":[{"href":"https:\/\/www.elsindical.com.ar\/notas\/wp-json\/wp\/v2\/posts"}],"about":[{"href":"https:\/\/www.elsindical.com.ar\/notas\/wp-json\/wp\/v2\/types\/post"}],"author":[{"embeddable":true,"href":"https:\/\/www.elsindical.com.ar\/notas\/wp-json\/wp\/v2\/users\/1"}],"replies":[{"embeddable":true,"href":"https:\/\/www.elsindical.com.ar\/notas\/wp-json\/wp\/v2\/comments?post=48195"}],"version-history":[{"count":1,"href":"https:\/\/www.elsindical.com.ar\/notas\/wp-json\/wp\/v2\/posts\/48195\/revisions"}],"predecessor-version":[{"id":48196,"href":"https:\/\/www.elsindical.com.ar\/notas\/wp-json\/wp\/v2\/posts\/48195\/revisions\/48196"}],"wp:attachment":[{"href":"https:\/\/www.elsindical.com.ar\/notas\/wp-json\/wp\/v2\/media?parent=48195"}],"wp:term":[{"taxonomy":"category","embeddable":true,"href":"https:\/\/www.elsindical.com.ar\/notas\/wp-json\/wp\/v2\/categories?post=48195"},{"taxonomy":"post_tag","embeddable":true,"href":"https:\/\/www.elsindical.com.ar\/notas\/wp-json\/wp\/v2\/tags?post=48195"}],"curies":[{"name":"wp","href":"https:\/\/api.w.org\/{rel}","templated":true}]}}