{"id":48179,"date":"2014-12-25T21:27:01","date_gmt":"2014-12-26T00:27:01","guid":{"rendered":"http:\/\/www.elsindical.com.ar\/notas\/?p=48179"},"modified":"2014-12-25T21:27:01","modified_gmt":"2014-12-26T00:27:01","slug":"trabajadores-de-prensa-movilizaron-contra-el-grupo-veintitres","status":"publish","type":"post","link":"https:\/\/www.elsindical.com.ar\/notas\/trabajadores-de-prensa-movilizaron-contra-el-grupo-veintitres\/","title":{"rendered":"Trabajadores de prensa movilizaron contra el Grupo Veintitr\u00e9s"},"content":{"rendered":"<p class=\"copete\"><em><a href=\"http:\/\/www.elsindical.com.ar\/notas\/var\/www\/html\/notas\/wp-content\/uploads\/2014\/12\/paro-diagonales-La-Plata.jpg\"><img loading=\"lazy\" decoding=\"async\" class=\"alignnone size-medium wp-image-48180\" src=\"http:\/\/www.elsindical.com.ar\/notas\/var\/www\/html\/notas\/wp-content\/uploads\/2014\/12\/paro-diagonales-La-Plata-300x176.jpg\" alt=\"paro-diagonales-La-Plata\" width=\"300\" height=\"176\" srcset=\"https:\/\/www.elsindical.com.ar\/notas\/var\/www\/html\/notas\/wp-content\/uploads\/2014\/12\/paro-diagonales-La-Plata-300x176.jpg 300w, https:\/\/www.elsindical.com.ar\/notas\/var\/www\/html\/notas\/wp-content\/uploads\/2014\/12\/paro-diagonales-La-Plata-500x294.jpg 500w, https:\/\/www.elsindical.com.ar\/notas\/var\/www\/html\/notas\/wp-content\/uploads\/2014\/12\/paro-diagonales-La-Plata.jpg 620w\" sizes=\"auto, (max-width: 300px) 100vw, 300px\" \/><\/a>Reclaman el pago de los retiros voluntarios de trece trabajadores del Diario Diagonales de La Plata. El Sindicato de Prensa Bonaerense y la FATPREN adhirieron a la protesta.<\/em><\/p>\n<p>Los<strong> trabajadores de Diagonales<\/strong> se movilizaron ayer a las oficinas del<strong> Grupo Veintitr\u00e9s<\/strong> en Puerto Madero para reclamar el pago de los retiros voluntarios de trece trabajadores y los sueldos de dos periodistas que no aceptaron la disposici\u00f3n del grupo empresario.<\/p>\n<p>La movilizaci\u00f3n cont\u00f3 con el presencia de dirigentes de la <strong>Federaci\u00f3n Argentina de Trabajadores de Prensa (FATPREN<\/strong>) y el <strong>Sindicato de Prensa Bonaerense<\/strong>. Desde los gremios denunciaron que los trabajadores del diario Diagonales padecen las consecuencias de un \u201c<strong>viciado proceso de vent<\/strong>a\u201d del Grupo 23 (propiedad de Szpolski y Garfunkel) a Daniel Olivera (antiguo directivo del mismo grupo) y \u00c1ngeles L\u00f3pez, quienes \u201cinmediatamente implementaron un verdadero desguace de la redacci\u00f3n\u201d.<\/p>\n<p>\u201cLa situaci\u00f3n se torn\u00f3 a\u00fan m\u00e1s grave, porque los trabajadores que aceptaron un retiro voluntario <strong>no percibieron todav\u00eda el pago de las dos primeras cuotas<\/strong>. Al mismo tiempo, otros dos trabajadores se encuentran en situaci\u00f3n de virtual despido porque no fueron incluidos en el proceso de traspaso del personal a la nueva empresa y tampoco perciben sus salarios desde el mes de octubre.<\/p>\n<p>De esta manera, a escasos d\u00edas de las fiestas navide\u00f1as hay<strong> 15 trabajadores que no reciben remuneraci\u00f3n alguna desde hace tres meses<\/strong>\u201d, se\u00f1alaron desde la Federaci\u00f3n.<\/p>\n<p>La FATPREN exigi\u00f3 la inmediata resoluci\u00f3n del conflicto y la defensa de los intereses de los trabajadores por parte de las autoridades gubernamentales, \u201c<strong>que enriquecen sistem\u00e1ticamente a los empresarios de prensa bonaerense<\/strong>, sin atender a la situaci\u00f3n de zozobra que atraviesan sus trabajadores\u201d.<\/p>\n","protected":false},"excerpt":{"rendered":"<p>Reclaman el pago de los retiros voluntarios de trece trabajadores del Diario Diagonales de La Plata. El Sindicato de Prensa Bonaerense y la FATPREN adhirieron a la protesta. Los trabajadores de Diagonales se movilizaron ayer a las oficinas del Grupo Veintitr\u00e9s en Puerto Madero para reclamar el pago de los retiros voluntarios de trece trabajadores&hellip;<\/p>\n","protected":false},"author":1,"featured_media":0,"comment_status":"open","ping_status":"open","sticky":false,"template":"","format":"standard","meta":{"footnotes":""},"categories":[16],"tags":[20590,2475,9851,20591],"class_list":["post-48179","post","type-post","status-publish","format-standard","hentry","category-gremiales","tag-diario-diagonales","tag-fatpren","tag-grupo-veintitres","tag-sindicato-de-prensa-bonaerense"],"_links":{"self":[{"href":"https:\/\/www.elsindical.com.ar\/notas\/wp-json\/wp\/v2\/posts\/48179","targetHints":{"allow":["GET"]}}],"collection":[{"href":"https:\/\/www.elsindical.com.ar\/notas\/wp-json\/wp\/v2\/posts"}],"about":[{"href":"https:\/\/www.elsindical.com.ar\/notas\/wp-json\/wp\/v2\/types\/post"}],"author":[{"embeddable":true,"href":"https:\/\/www.elsindical.com.ar\/notas\/wp-json\/wp\/v2\/users\/1"}],"replies":[{"embeddable":true,"href":"https:\/\/www.elsindical.com.ar\/notas\/wp-json\/wp\/v2\/comments?post=48179"}],"version-history":[{"count":1,"href":"https:\/\/www.elsindical.com.ar\/notas\/wp-json\/wp\/v2\/posts\/48179\/revisions"}],"predecessor-version":[{"id":48181,"href":"https:\/\/www.elsindical.com.ar\/notas\/wp-json\/wp\/v2\/posts\/48179\/revisions\/48181"}],"wp:attachment":[{"href":"https:\/\/www.elsindical.com.ar\/notas\/wp-json\/wp\/v2\/media?parent=48179"}],"wp:term":[{"taxonomy":"category","embeddable":true,"href":"https:\/\/www.elsindical.com.ar\/notas\/wp-json\/wp\/v2\/categories?post=48179"},{"taxonomy":"post_tag","embeddable":true,"href":"https:\/\/www.elsindical.com.ar\/notas\/wp-json\/wp\/v2\/tags?post=48179"}],"curies":[{"name":"wp","href":"https:\/\/api.w.org\/{rel}","templated":true}]}}