{"id":48117,"date":"2014-12-22T20:41:46","date_gmt":"2014-12-22T23:41:46","guid":{"rendered":"http:\/\/www.elsindical.com.ar\/notas\/?p=48117"},"modified":"2014-12-22T20:41:46","modified_gmt":"2014-12-22T23:41:46","slug":"gremio-denuncio-que-el-97-de-los-medicos-que-trabaja-en-el-interior-del-pais-en-el-sector-privado-lo-hace-en-negro","status":"publish","type":"post","link":"https:\/\/www.elsindical.com.ar\/notas\/gremio-denuncio-que-el-97-de-los-medicos-que-trabaja-en-el-interior-del-pais-en-el-sector-privado-lo-hace-en-negro\/","title":{"rendered":"Gremio denunci\u00f3 que el 97% de los m\u00e9dicos que trabaja en el interior del pa\u00eds en el sector privado, lo hace en negro"},"content":{"rendered":"<p><span style=\"font-family: Verdana; font-size: small;\"><a href=\"http:\/\/www.elsindical.com.ar\/notas\/var\/www\/html\/notas\/wp-content\/uploads\/2010\/08\/m\u00e9dicos-varios.jpg\"><img loading=\"lazy\" decoding=\"async\" class=\"alignnone size-full wp-image-8699\" src=\"http:\/\/www.elsindical.com.ar\/notas\/var\/www\/html\/notas\/wp-content\/uploads\/2010\/08\/m\u00e9dicos-varios.jpg\" alt=\"m\u00e9dicos-varios\" width=\"227\" height=\"138\" \/><\/a>El secretario general de la<\/span><span lang=\"ES-AR\">\u00a0<\/span><strong><span lang=\"ES-AR\">Asociaci\u00f3n de M\u00e9dicos de la Actividad Privada<\/span><\/strong><span lang=\"ES-AR\">\u00a0<\/span><span lang=\"ES-AR\">(<\/span><strong><span lang=\"ES-AR\">AMAP<\/span><\/strong><span lang=\"ES-AR\">),<\/span><span lang=\"ES-AR\">\u00a0<\/span><strong><span lang=\"ES-AR\">H\u00e9ctor Gar\u00edn<\/span><\/strong><span id=\"yui_3_16_0_1_1419291504150_6589\" lang=\"ES-AR\">, denunci\u00f3 hoy que \u00abel 97 por ciento\u00bb de los trabajadores del sector del interior del pa\u00eds\u00a0\u00abse encuentra trabajando en negro\u00bb y que, a pesar de pesar de los numerosos reclamos, \u00ablos empresarios se resisten a sacarlos de la precariedad laboral\u00bb. \u00abNuestro compromiso para el 2015 es realizar en forma conjunta con el Ministerio de Trabajo de la Naci\u00f3n y la AFIP inspecciones sobre el estado de los trabajadores de las cl\u00ednicas privadas, para poder finalmente revertir esta situaci\u00f3n\u00bb, anticip\u00f3. <\/span><\/p>\n<p><span id=\"yui_3_16_0_1_1419291504150_6589\" lang=\"ES-AR\">Gar\u00edn explic\u00f3 que el gremio de los m\u00e9dicos que encabeza contin\u00faa elaborando estrategias y pol\u00edticas con el objetivo de recibir respuestas frente a la bater\u00eda de reclamos presentados por la entidad sindical. En este sentido, explic\u00f3 que la precarizaci\u00f3n laboral y trabajo no registrado \u00absupera el 97 por ciento en algunos casos en el interior del pa\u00eds\u00bb y atribuy\u00f3 la responsabilidad a las cl\u00ednicas y sanatorios nucleados en la<\/span><span lang=\"ES-AR\">\u00a0<\/span><strong><span lang=\"ES-AR\">Asociaci\u00f3n de Cl\u00ednicas<\/span><\/strong><span id=\"yui_3_16_0_1_1419291504150_6590\" lang=\"ES-AR\">, Sanatorios y Hospitales Privados (Adecra) y a la Confederaci\u00f3n de Cl\u00ednicas y Sanatorios (Confeclisa). <\/span><\/p>\n<p><span id=\"yui_3_16_0_1_1419291504150_6590\" lang=\"ES-AR\">Seg\u00fan el dirigente gremial, \u00aben la Capital Federal ese n\u00famero llega al 50 por ciento de los m\u00e9dicos, salvo en los Hospitales Brit\u00e1nico e Italiano donde alcanza al 80 por ciento\u00bb. \u00abA cuatro meses de comenzar nuestros encuentros con los empresarios de las cl\u00ednicas privadas e intimarlos a revertir esta lamentable realidad, todo sigue igual\u00bb, asegur\u00f3 para advertir que \u00abnuestra lucha continuar\u00e1 hasta tener al cien por ciento de los m\u00e9dicos en las condiciones laborales que corresponden\u00bb. <\/span><\/p>\n","protected":false},"excerpt":{"rendered":"<p>El secretario general de la\u00a0Asociaci\u00f3n de M\u00e9dicos de la Actividad Privada\u00a0(AMAP),\u00a0H\u00e9ctor Gar\u00edn, denunci\u00f3 hoy que \u00abel 97 por ciento\u00bb de los trabajadores del sector del interior del pa\u00eds\u00a0\u00abse encuentra trabajando en negro\u00bb y que, a pesar de pesar de los numerosos reclamos, \u00ablos empresarios se resisten a sacarlos de la precariedad laboral\u00bb. \u00abNuestro compromiso para&hellip;<\/p>\n","protected":false},"author":1,"featured_media":0,"comment_status":"open","ping_status":"open","sticky":false,"template":"","format":"standard","meta":{"footnotes":""},"categories":[16],"tags":[18713,69,19440,18868,20577,103],"class_list":["post-48117","post","type-post","status-publish","format-standard","hentry","category-gremiales","tag-adecra","tag-afip","tag-amap","tag-confeclisa","tag-hector-garin","tag-medicos"],"_links":{"self":[{"href":"https:\/\/www.elsindical.com.ar\/notas\/wp-json\/wp\/v2\/posts\/48117","targetHints":{"allow":["GET"]}}],"collection":[{"href":"https:\/\/www.elsindical.com.ar\/notas\/wp-json\/wp\/v2\/posts"}],"about":[{"href":"https:\/\/www.elsindical.com.ar\/notas\/wp-json\/wp\/v2\/types\/post"}],"author":[{"embeddable":true,"href":"https:\/\/www.elsindical.com.ar\/notas\/wp-json\/wp\/v2\/users\/1"}],"replies":[{"embeddable":true,"href":"https:\/\/www.elsindical.com.ar\/notas\/wp-json\/wp\/v2\/comments?post=48117"}],"version-history":[{"count":1,"href":"https:\/\/www.elsindical.com.ar\/notas\/wp-json\/wp\/v2\/posts\/48117\/revisions"}],"predecessor-version":[{"id":48118,"href":"https:\/\/www.elsindical.com.ar\/notas\/wp-json\/wp\/v2\/posts\/48117\/revisions\/48118"}],"wp:attachment":[{"href":"https:\/\/www.elsindical.com.ar\/notas\/wp-json\/wp\/v2\/media?parent=48117"}],"wp:term":[{"taxonomy":"category","embeddable":true,"href":"https:\/\/www.elsindical.com.ar\/notas\/wp-json\/wp\/v2\/categories?post=48117"},{"taxonomy":"post_tag","embeddable":true,"href":"https:\/\/www.elsindical.com.ar\/notas\/wp-json\/wp\/v2\/tags?post=48117"}],"curies":[{"name":"wp","href":"https:\/\/api.w.org\/{rel}","templated":true}]}}