{"id":48106,"date":"2014-12-22T18:23:59","date_gmt":"2014-12-22T21:23:59","guid":{"rendered":"http:\/\/www.elsindical.com.ar\/notas\/?p=48106"},"modified":"2024-01-30T11:45:57","modified_gmt":"2024-01-30T14:45:57","slug":"manuelita-de-festejo-quien-mentia","status":"publish","type":"post","link":"https:\/\/www.elsindical.com.ar\/notas\/manuelita-de-festejo-quien-mentia\/","title":{"rendered":"Manuelita de festejo. \u00bfQui\u00e9n ment\u00eda?"},"content":{"rendered":"<p><a href=\"http:\/\/www.elsindical.com.ar\/notas\/var\/www\/html\/notas\/wp-content\/uploads\/2014\/12\/festejos-Mutrama.jpg\"><img loading=\"lazy\" decoding=\"async\" class=\"alignnone size-medium wp-image-48107\" src=\"http:\/\/www.elsindical.com.ar\/notas\/var\/www\/html\/notas\/wp-content\/uploads\/2014\/12\/festejos-Mutrama-300x163.jpg\" alt=\"festejos-Mutrama\" width=\"300\" height=\"163\" srcset=\"https:\/\/www.elsindical.com.ar\/notas\/var\/www\/html\/notas\/wp-content\/uploads\/2014\/12\/festejos-Mutrama-300x163.jpg 300w, https:\/\/www.elsindical.com.ar\/notas\/var\/www\/html\/notas\/wp-content\/uploads\/2014\/12\/festejos-Mutrama-500x271.jpg 500w, https:\/\/www.elsindical.com.ar\/notas\/var\/www\/html\/notas\/wp-content\/uploads\/2014\/12\/festejos-Mutrama.jpg 621w\" sizes=\"auto, (max-width: 300px) 100vw, 300px\" \/><\/a>&nbsp;Cuando&nbsp;desde El Sindical, revelamos la trama oculta sobre las muertes en la Cl\u00ednica Nuestra Se\u00f1ora de la Dulce Espera, que incluye desde beb\u00e9s a mujeres parturientas, hemos sido objeto de distintas versiones para descalificar nuestro trabajo, desde la cl\u00ednica en un comunicado nos acusaron de participar en una campa\u00f1a pol\u00edtica negando las muertes y las denuncias.<\/p>\n<p>Se intent\u00f3 culpar a los padres de ser los responsables de algunas de las muertes por no saber cuidar la salud de sus hijos y muchas mentiras que inclu\u00edan opiniones sin ning\u00fan sustento concreto.<\/p>\n<p>La explosi\u00f3n medi\u00e1tica del asunto, gener\u00f3 en muchos pol\u00edticos locales, especialmente concejales temor a la exposici\u00f3n, pero una vez que las aguas se calmaron, no tuvieron problemas algunos de ellos en recibir a autoridades de la cl\u00ednica en sus despachos como lo hizo la concejal Miriam Grai\u00f1o, junto a su par de la UCR, Rodrigo Galetovich, aunque otros concejales especialmente del oficialismo dejaron boyando el tema y hasta hubo un intento de parte de Grai\u00f1o, de archivar el expediente sobre la cl\u00ednica.<\/p>\n<p>Una de las que m\u00e1s criticaron los familiares fue la concejal Manuela S\u00e1nchez, quien adem\u00e1s es dirigente del sindicato de empleados municipales, pero esta siempre neg\u00f3 saber algo o tener algo que ver con la cl\u00ednica, la realidad es que nunca cort\u00f3 su relaci\u00f3n con Hern\u00e1n Doval, el diputado provincial que se ofendi\u00f3 por ser mencionado en las notas sobre la cl\u00ednica, pero que nunca quiso aclarar la relaci\u00f3n del sindicato y la obra social con la cl\u00ednica denunciada.<\/p>\n<p>Hoy cuando comparten en las redes sociales, las fotos de los festejos de MUTRAMA que conduce Hern\u00e1n Doval, se la puede ver feliz a la concejal Manuela S\u00e1nchez que ven\u00eda acusando de mentir al diario El Sindical sobre su estrecha, muy estrecha relaci\u00f3n con el sindicato y la obra social, pero especialmente con Hern\u00e1n Doval, \u00bf qui\u00e9n ment\u00eda?.<\/p>\n<p>&nbsp;<\/p>\n<p><em><strong>Por Marcelo Ricardo Hawrylciw<\/strong><\/em><\/p>\n","protected":false},"excerpt":{"rendered":"<p>&nbsp;Cuando&nbsp;desde El Sindical, revelamos la trama oculta sobre las muertes en la Cl\u00ednica Nuestra Se\u00f1ora de la Dulce Espera, que incluye desde beb\u00e9s a mujeres parturientas, hemos sido objeto de distintas versiones para descalificar nuestro trabajo, desde la cl\u00ednica en un comunicado nos acusaron de participar en una campa\u00f1a pol\u00edtica negando las muertes y las&hellip;<\/p>\n","protected":false},"author":1,"featured_media":0,"comment_status":"open","ping_status":"open","sticky":false,"template":"","format":"standard","meta":{"footnotes":""},"categories":[10],"tags":[19417,11729,22020,2450,3251,42138,103,15336,489,1453,17609,1826],"class_list":["post-48106","post","type-post","status-publish","format-standard","hentry","category-editorial","tag-clinica-nuestra-senora-de-la-dulce-espera","tag-concejales","tag-denuncias","tag-diario-el-sindical","tag-el-sindical","tag-general-ferre-521-2","tag-medicos","tag-miriam-graino","tag-padres","tag-politicos","tag-rodrigo-galetovich","tag-ucr"],"_links":{"self":[{"href":"https:\/\/www.elsindical.com.ar\/notas\/wp-json\/wp\/v2\/posts\/48106","targetHints":{"allow":["GET"]}}],"collection":[{"href":"https:\/\/www.elsindical.com.ar\/notas\/wp-json\/wp\/v2\/posts"}],"about":[{"href":"https:\/\/www.elsindical.com.ar\/notas\/wp-json\/wp\/v2\/types\/post"}],"author":[{"embeddable":true,"href":"https:\/\/www.elsindical.com.ar\/notas\/wp-json\/wp\/v2\/users\/1"}],"replies":[{"embeddable":true,"href":"https:\/\/www.elsindical.com.ar\/notas\/wp-json\/wp\/v2\/comments?post=48106"}],"version-history":[{"count":3,"href":"https:\/\/www.elsindical.com.ar\/notas\/wp-json\/wp\/v2\/posts\/48106\/revisions"}],"predecessor-version":[{"id":96287,"href":"https:\/\/www.elsindical.com.ar\/notas\/wp-json\/wp\/v2\/posts\/48106\/revisions\/96287"}],"wp:attachment":[{"href":"https:\/\/www.elsindical.com.ar\/notas\/wp-json\/wp\/v2\/media?parent=48106"}],"wp:term":[{"taxonomy":"category","embeddable":true,"href":"https:\/\/www.elsindical.com.ar\/notas\/wp-json\/wp\/v2\/categories?post=48106"},{"taxonomy":"post_tag","embeddable":true,"href":"https:\/\/www.elsindical.com.ar\/notas\/wp-json\/wp\/v2\/tags?post=48106"}],"curies":[{"name":"wp","href":"https:\/\/api.w.org\/{rel}","templated":true}]}}