{"id":48075,"date":"2014-12-21T12:52:32","date_gmt":"2014-12-21T15:52:32","guid":{"rendered":"http:\/\/www.elsindical.com.ar\/notas\/?p=48075"},"modified":"2014-12-21T12:52:32","modified_gmt":"2014-12-21T15:52:32","slug":"el-dr-jose-casas-es-el-nuevo-presidente-del-tribunal-superior-de-justicia-de-la-ciudad-autonoma-de-buenos-aires","status":"publish","type":"post","link":"https:\/\/www.elsindical.com.ar\/notas\/el-dr-jose-casas-es-el-nuevo-presidente-del-tribunal-superior-de-justicia-de-la-ciudad-autonoma-de-buenos-aires\/","title":{"rendered":"El Dr. Jos\u00e9 Cas\u00e1s es el nuevo Presidente del Tribunal Superior de Justicia de la Ciudad Aut\u00f3noma de Buenos Aires"},"content":{"rendered":"<p><em><a href=\"http:\/\/www.elsindical.com.ar\/notas\/var\/www\/html\/notas\/wp-content\/uploads\/2014\/12\/Jos\u00e9-Osvaldo-Cas\u00e1s.jpg\"><img loading=\"lazy\" decoding=\"async\" class=\"alignnone size-medium wp-image-48076\" src=\"http:\/\/www.elsindical.com.ar\/notas\/var\/www\/html\/notas\/wp-content\/uploads\/2014\/12\/Jos\u00e9-Osvaldo-Cas\u00e1s-300x197.jpg\" alt=\"Jos\u00e9-Osvaldo-Cas\u00e1s\" width=\"300\" height=\"197\" srcset=\"https:\/\/www.elsindical.com.ar\/notas\/var\/www\/html\/notas\/wp-content\/uploads\/2014\/12\/Jos\u00e9-Osvaldo-Cas\u00e1s-300x197.jpg 300w, https:\/\/www.elsindical.com.ar\/notas\/var\/www\/html\/notas\/wp-content\/uploads\/2014\/12\/Jos\u00e9-Osvaldo-Cas\u00e1s.jpg 438w\" sizes=\"auto, (max-width: 300px) 100vw, 300px\" \/><\/a>El Dr. Luis Lozano se desempe\u00f1ar\u00e1 como Vicepresidente del TSJCABA.<\/em><\/p>\n<p>El Dr. Jos\u00e9 Osvaldo Cas\u00e1s result\u00f3 elegido como el nuevo Presidente del Tribunal Superior de Justicia de la Ciudad Aut\u00f3noma de Buenos Aires. El Dr. Luis Lozano se desempe\u00f1ar\u00e1 como Vicepresidente del TSJCABA.<\/p>\n<p><b>\u201cEl doctor Jos\u00e9 Osvaldo Cas\u00e1s y el doctor Luis Francisco Lozano fueron elegidos presidente y vicepresidente del Tribunal Superior de Justicia de la Ciudad Aut\u00f3noma de Buenos Aires para el per\u00edodo que se inicia el 1 de enero de 2015 y concluye el 31 de diciembre del mismo a\u00f1o.<\/b><\/p>\n<p><b>Cas\u00e1s se desempe\u00f1a como vicepresidente desde 2013 y Lozano ejerce la presidencia de la instituci\u00f3n desde 2011, concluyendo esas funciones el 31 de diciembre del corriente a\u00f1o.<\/b><\/p>\n<p><b>Con motivo del brindis celebrado en el Tribunal el 18 de diciembre, conmemorativo de las fiestas de fin de a\u00f1o, Cas\u00e1s aclar\u00f3 que su designaci\u00f3n lo hab\u00eda sorprendido y que, por consideraci\u00f3n a sus colegas que lo hab\u00edan distinguido, no la declin\u00f3 en el mismo acto en que se hab\u00eda procedido a formalizar el nombramiento, pero que hab\u00eda advertido que se valdr\u00eda de un par\u00e9ntesis hasta el 28 de febrero del a\u00f1o pr\u00f3ximo para adoptar una decisi\u00f3n final tomando en cuenta la evaluaci\u00f3n m\u00e9dica de una cardiopat\u00eda cr\u00f3nica que lo afecta desde hace casi 20 a\u00f1os, con lo cual, de ser necesario, pasar\u00eda a\u00a0 prestar su colaboraci\u00f3n a todas las tareas del Alto Estrado desde otras funciones y en su condici\u00f3n de juez, relegando el cargo de Presidente\u201d.<\/b><\/p>\n","protected":false},"excerpt":{"rendered":"<p>El Dr. Luis Lozano se desempe\u00f1ar\u00e1 como Vicepresidente del TSJCABA. El Dr. Jos\u00e9 Osvaldo Cas\u00e1s result\u00f3 elegido como el nuevo Presidente del Tribunal Superior de Justicia de la Ciudad Aut\u00f3noma de Buenos Aires. El Dr. Luis Lozano se desempe\u00f1ar\u00e1 como Vicepresidente del TSJCABA. \u201cEl doctor Jos\u00e9 Osvaldo Cas\u00e1s y el doctor Luis Francisco Lozano fueron&hellip;<\/p>\n","protected":false},"author":1,"featured_media":0,"comment_status":"open","ping_status":"open","sticky":false,"template":"","format":"standard","meta":{"footnotes":""},"categories":[20],"tags":[20559,20560,16289],"class_list":["post-48075","post","type-post","status-publish","format-standard","hentry","category-judiciales","tag-jose-osvaldo-casas","tag-luis-francisco-lozano","tag-tsjcaba"],"_links":{"self":[{"href":"https:\/\/www.elsindical.com.ar\/notas\/wp-json\/wp\/v2\/posts\/48075","targetHints":{"allow":["GET"]}}],"collection":[{"href":"https:\/\/www.elsindical.com.ar\/notas\/wp-json\/wp\/v2\/posts"}],"about":[{"href":"https:\/\/www.elsindical.com.ar\/notas\/wp-json\/wp\/v2\/types\/post"}],"author":[{"embeddable":true,"href":"https:\/\/www.elsindical.com.ar\/notas\/wp-json\/wp\/v2\/users\/1"}],"replies":[{"embeddable":true,"href":"https:\/\/www.elsindical.com.ar\/notas\/wp-json\/wp\/v2\/comments?post=48075"}],"version-history":[{"count":1,"href":"https:\/\/www.elsindical.com.ar\/notas\/wp-json\/wp\/v2\/posts\/48075\/revisions"}],"predecessor-version":[{"id":48077,"href":"https:\/\/www.elsindical.com.ar\/notas\/wp-json\/wp\/v2\/posts\/48075\/revisions\/48077"}],"wp:attachment":[{"href":"https:\/\/www.elsindical.com.ar\/notas\/wp-json\/wp\/v2\/media?parent=48075"}],"wp:term":[{"taxonomy":"category","embeddable":true,"href":"https:\/\/www.elsindical.com.ar\/notas\/wp-json\/wp\/v2\/categories?post=48075"},{"taxonomy":"post_tag","embeddable":true,"href":"https:\/\/www.elsindical.com.ar\/notas\/wp-json\/wp\/v2\/tags?post=48075"}],"curies":[{"name":"wp","href":"https:\/\/api.w.org\/{rel}","templated":true}]}}