{"id":4807,"date":"2010-03-22T11:07:47","date_gmt":"2010-03-22T14:07:47","guid":{"rendered":"http:\/\/www.elsindical.com.ar\/notas\/?p=4807"},"modified":"2010-03-22T11:07:47","modified_gmt":"2010-03-22T14:07:47","slug":"vecinos-de-caballito-y-flores-pagaran-tributo-adicional-por-subte","status":"publish","type":"post","link":"https:\/\/www.elsindical.com.ar\/notas\/vecinos-de-caballito-y-flores-pagaran-tributo-adicional-por-subte\/","title":{"rendered":"Vecinos de Caballito y Flores pagar\u00e1n tributo adicional por subte"},"content":{"rendered":"<p style=\"text-align: justify;\"><em><strong><a href=\"http:\/\/www.elsindical.com.ar\/notas\/var\/www\/html\/notas\/wp-content\/uploads\/2010\/03\/ABL-varios.jpg\"><img loading=\"lazy\" decoding=\"async\" class=\"alignleft size-full wp-image-4808\" title=\"ABL-varios\" src=\"http:\/\/www.elsindical.com.ar\/notas\/var\/www\/html\/notas\/wp-content\/uploads\/2010\/03\/ABL-varios.jpg\" alt=\"\" width=\"124\" height=\"88\" \/><\/a>Se aplic\u00f3 a los que viven cerca de Pu\u00e1n y Carabobo de la l\u00ednea A,<\/strong> que ya recibieron una boleta. El monto a pagar se puede prorratear hasta en cinco a\u00f1os.<strong> Las propiedades ahora valen entre un 15 y un 25% m\u00e1s.<\/strong><\/em><\/p>\n<p style=\"text-align: justify;\"><strong><\/strong> Los vecinos y comerciantes que vivan 400 metros a la redonda de las estaciones Pu\u00e1n y Carabobo de la l\u00ednea A de subtes en Caballito y Flores recibieron una boleta para pagar un impuesto extra, una compensaci\u00f3n anual por el beneficio que les trajo la llegada del subte a su barrio. El monto a pagar se puede prorratear hasta en cinco a\u00f1os.<\/p>\n<p>Cabe se\u00f1alar que el cobro de la boleta por Contribuci\u00f3n de Mejoras est\u00e1 regulado por una Ley Nacional, la N\u00b0 23.514, sancionada por el Congreso en 1987, la cual establece que, para pagar una parte de la construcci\u00f3n del subte, los vecinos que viven a 400 metros de las estaciones deben abonar un porcentaje extra al ABL y el monto nunca puede superar el 15% del valor fiscal de la propiedad.<\/p>\n<p>Las boletas se emiten un a\u00f1o despu\u00e9s de la apertura de las estaciones. La habilitaci\u00f3n de Pu\u00e1n y Carabobo ocurri\u00f3 el 23 de diciembre de 2008. Las boletas deber\u00edan haber llegado, entonces, a fines del a\u00f1o pasado, pero se demoraron por cuestiones administrativas, seg\u00fan informa el diario <em>Clar\u00edn<\/em>.<\/p>\n<p>Asimismo hay que destacar que el mercado inmobiliario confirma que la llegada del subte hace subir los precios de las propiedades aleda\u00f1as.<\/p>\n","protected":false},"excerpt":{"rendered":"<p>Se aplic\u00f3 a los que viven cerca de Pu\u00e1n y Carabobo de la l\u00ednea A, que ya recibieron una boleta. El monto a pagar se puede prorratear hasta en cinco a\u00f1os. Las propiedades ahora valen entre un 15 y un 25% m\u00e1s. Los vecinos y comerciantes que vivan 400 metros a la redonda de las&hellip;<\/p>\n","protected":false},"author":1,"featured_media":0,"comment_status":"open","ping_status":"open","sticky":false,"template":"","format":"standard","meta":{"footnotes":""},"categories":[9],"tags":[357,400,1514,2520,2522,2521,986],"class_list":["post-4807","post","type-post","status-publish","format-standard","hentry","category-economia","tag-aumento","tag-caballito","tag-flores","tag-impuestos","tag-propiedad","tag-valor","tag-vecinos"],"_links":{"self":[{"href":"https:\/\/www.elsindical.com.ar\/notas\/wp-json\/wp\/v2\/posts\/4807","targetHints":{"allow":["GET"]}}],"collection":[{"href":"https:\/\/www.elsindical.com.ar\/notas\/wp-json\/wp\/v2\/posts"}],"about":[{"href":"https:\/\/www.elsindical.com.ar\/notas\/wp-json\/wp\/v2\/types\/post"}],"author":[{"embeddable":true,"href":"https:\/\/www.elsindical.com.ar\/notas\/wp-json\/wp\/v2\/users\/1"}],"replies":[{"embeddable":true,"href":"https:\/\/www.elsindical.com.ar\/notas\/wp-json\/wp\/v2\/comments?post=4807"}],"version-history":[{"count":1,"href":"https:\/\/www.elsindical.com.ar\/notas\/wp-json\/wp\/v2\/posts\/4807\/revisions"}],"predecessor-version":[{"id":4809,"href":"https:\/\/www.elsindical.com.ar\/notas\/wp-json\/wp\/v2\/posts\/4807\/revisions\/4809"}],"wp:attachment":[{"href":"https:\/\/www.elsindical.com.ar\/notas\/wp-json\/wp\/v2\/media?parent=4807"}],"wp:term":[{"taxonomy":"category","embeddable":true,"href":"https:\/\/www.elsindical.com.ar\/notas\/wp-json\/wp\/v2\/categories?post=4807"},{"taxonomy":"post_tag","embeddable":true,"href":"https:\/\/www.elsindical.com.ar\/notas\/wp-json\/wp\/v2\/tags?post=4807"}],"curies":[{"name":"wp","href":"https:\/\/api.w.org\/{rel}","templated":true}]}}