{"id":48041,"date":"2014-12-20T07:39:56","date_gmt":"2014-12-20T10:39:56","guid":{"rendered":"http:\/\/www.elsindical.com.ar\/notas\/?p=48041"},"modified":"2014-12-20T07:40:08","modified_gmt":"2014-12-20T10:40:08","slug":"la-ucr-avala-la-censura-a-la-prensa","status":"publish","type":"post","link":"https:\/\/www.elsindical.com.ar\/notas\/la-ucr-avala-la-censura-a-la-prensa\/","title":{"rendered":"La UCR \u00bfavala la censura a la prensa?"},"content":{"rendered":"<p><a href=\"http:\/\/www.elsindical.com.ar\/notas\/var\/www\/html\/notas\/wp-content\/uploads\/2014\/12\/UCR-patota-HCD-02.jpg\"><img loading=\"lazy\" decoding=\"async\" class=\"alignnone size-medium wp-image-47903\" src=\"http:\/\/www.elsindical.com.ar\/notas\/var\/www\/html\/notas\/wp-content\/uploads\/2014\/12\/UCR-patota-HCD-02-300x189.jpg\" alt=\"UCR-patota-HCD-02\" width=\"300\" height=\"189\" srcset=\"https:\/\/www.elsindical.com.ar\/notas\/var\/www\/html\/notas\/wp-content\/uploads\/2014\/12\/UCR-patota-HCD-02-300x189.jpg 300w, https:\/\/www.elsindical.com.ar\/notas\/var\/www\/html\/notas\/wp-content\/uploads\/2014\/12\/UCR-patota-HCD-02-475x300.jpg 475w, https:\/\/www.elsindical.com.ar\/notas\/var\/www\/html\/notas\/wp-content\/uploads\/2014\/12\/UCR-patota-HCD-02.jpg 620w\" sizes=\"auto, (max-width: 300px) 100vw, 300px\" \/><\/a>Por estos d\u00edas, no han dejado de sonar los tel\u00e9fonos del multimedios y de su Editor General, con llamados de pol\u00edticos para comentarnos y otros avisarnos que los dos concejales de la UCR en Avellaneda, Rodrigo Galetovich y Miriam Grai\u00f1o, no paran de despotricar y buscar apoyo en otros concejales para realizar alguna medida contra Marcelo Ricardo Hawrylciw, molestos por las notas donde se detalla las incongruencias de estos pol\u00edticos que ten\u00edan un discurso en el 2011 y otro totalmente distinto por estos d\u00edas.<\/p>\n<p>Pero el que aseguran est\u00e1 \u00absacado\u00bb es Rodrigo Galetovich, quien desde que fuera fotografiado intentado cruzar por el medio de una marcha (una torpe acci\u00f3n) y ocultara su verdadero malestar inventando situaciones que nunca existieron, pretende al igual que lo quiere hacer con el video donde intenta justificarse en el HCD delante de los m\u00e9dicos acusando al partido de haber tomado una posici\u00f3n y tener que votar casi obligatoriamente respetando al partido.<\/p>\n<p>La nota que origina el encono del concejal se titula <a href=\"http:\/\/www.elsindical.com.ar\/notas\/rodrigo-galetovich-de-que-se-rie\/\">\u00abRodrigo Galetovich, \u00bf de qu\u00e9 se r\u00ede?, <\/a>que publicara el d\u00eda 05 de noviembre del 2014, y no es su falta de solidaridad con los vecinos que reclamaban seguridad lo que molest\u00f3 al concejal, sino que es el hecho de que en ese momento iba acompa\u00f1ado por una mujer, y \u00e9l mismo concejal ha aprovechado el hecho para decir que es v\u00edctima de una persecuci\u00f3n, nada m\u00e1s alejado de la realidad Galetovich, si usted adem\u00e1s de no respetar la Constituci\u00f3n Nacional intentando censurar lo que a usted no le agrada, si intenta justificar su torpeza mintiendo como parece suele hacer, deber\u00eda reflexionar y hacerse cargo de su propia torpeza, ya que el d\u00eda en cuesti\u00f3n, si usted hubiera evitado tocar bocina y pasar por donde un grupo de vecinos marchaban, nadie hubiera notado su presencia. Por otro lado nunca se ha mencionado como un hecho relevante, que parece que para usted si lo es, la identidad de quien lo acompa\u00f1aba, ya que era algo irrelevante hasta ahora, que es usted mismo quien le da una relevancia tan importante como para emprender una campa\u00f1a de desprestigio contra el medio El Sindical y mi persona.<\/p>\n<p>Ya es un hombre grande, para \u00abjugar\u00bb al nene caprichoso, que miente y como un ni\u00f1o ante la cagada realizada dice \u00abfue \u00e9l\u00bb. Los temas personales le recomiendo los deje en su \u00e1mbito privado, porque es usted el que est\u00e1 preocupado por algo que a m\u00ed en lo personal y al medio no nos interesa mientras usted lo mantenga as\u00ed, pero ya son muchos los que por su propia torpeza han comenzado a comentar y preguntar si hay alguna foto que se vea mejor.<\/p>\n<p>Es un acto de censura, pretender que se elimine el video donde usted habla con los m\u00e9dicos en el HCD, porque la conversaci\u00f3n se dio en un espacio p\u00fablico como se ve en el video, porque usted es un pol\u00edtico y como tal es una persona p\u00fablica, si lo que dijo a usted lo perjudica, deber\u00eda pensar entonces en pensar antes de hablar, dicen que uno es esclavo de sus palabras y soberano de su silencio.<\/p>\n<p>No deja de sorprenderme la torpeza con la que se ha manejado en los \u00faltimos temas de relevancia, tantos a\u00f1os de pol\u00edtico uno espera una persona con \u00abcintura pol\u00edtica\u00bb, se equivocan usted y esos mediocres concejales que buscan una rosca para \u00abfrenar\u00bb las publicaciones que no les agrada, porque pienso defender mi derecho a informar, a no aceptar ning\u00fan intento de censura u operaci\u00f3n para intimidar, usted con su conducta desprestigia a su partido la UCR y a la pol\u00edtica, es por gente como usted que la gente, los vecinos los miran con recelo.<\/p>\n<p>No pensaba dedicarle m\u00e1s valor al pito de lo que el pito vale, pero al parecer tiene una compulsi\u00f3n que no controla con el medio que dirijo y es necesario hacer estas aclaraciones, a usted, a Grai\u00f1o y al resto de habladores, mejoren sus argumentos, trabajen por los vecinos, muestren que no son corruptos como los acusan muchas de las personas que los votaron, todas las publicaciones han sido no solo objetivas, sino que tienen fundamento, se acompa\u00f1aron con videos y fotos, si son de su agrado o no, es un tema personal, lo que haga o deje de hacer, lo que anuncie que puede hacer, no me intimida, seguiremos informando, \u00bf por qu\u00e9 no prueba hacer algo \u00fatil para todos y no para usted o el partido? la gente lo eligi\u00f3 dentro de un espacio pol\u00edtico, pero para representar a todos los vecinos de Avellaneda.<\/p>\n<p>Y si considera que tiene algo que aclarar de todo esto que le molesta, en lugar de andar como los cobardes, los mediocres y conspiradores, use su derecho a r\u00e9plica, lo entrevistaremos y que mejor que demostrarnos que como medio hemos estado equivocados, pero especialmente que yo, como periodista he hecho mal mi trabajo, la gente con honor limpia su apellido de frente, hacerlo desde las sombras, solo alimenta el run run, donde los mismos que lo escuchan se burlan e usted y suman an\u00e9cdotas. La misma propuesta est\u00e1 siempre abierta al resto de los funcionarios o pol\u00edticos.<\/p>\n<p>&nbsp;<\/p>\n<p><em><strong>Por Marcelo Ricardo Hawrylciw<\/strong><\/em><\/p>\n","protected":false},"excerpt":{"rendered":"<p>Por estos d\u00edas, no han dejado de sonar los tel\u00e9fonos del multimedios y de su Editor General, con llamados de pol\u00edticos para comentarnos y otros avisarnos que los dos concejales de la UCR en Avellaneda, Rodrigo Galetovich y Miriam Grai\u00f1o, no paran de despotricar y buscar apoyo en otros concejales para realizar alguna medida contra&hellip;<\/p>\n","protected":false},"author":1,"featured_media":0,"comment_status":"open","ping_status":"open","sticky":false,"template":"","format":"standard","meta":{"footnotes":""},"categories":[10],"tags":[16587,9708,15336,17609,1826],"class_list":["post-48041","post","type-post","status-publish","format-standard","hentry","category-editorial","tag-hcd","tag-hospital-de-wilde","tag-miriam-graino","tag-rodrigo-galetovich","tag-ucr"],"_links":{"self":[{"href":"https:\/\/www.elsindical.com.ar\/notas\/wp-json\/wp\/v2\/posts\/48041","targetHints":{"allow":["GET"]}}],"collection":[{"href":"https:\/\/www.elsindical.com.ar\/notas\/wp-json\/wp\/v2\/posts"}],"about":[{"href":"https:\/\/www.elsindical.com.ar\/notas\/wp-json\/wp\/v2\/types\/post"}],"author":[{"embeddable":true,"href":"https:\/\/www.elsindical.com.ar\/notas\/wp-json\/wp\/v2\/users\/1"}],"replies":[{"embeddable":true,"href":"https:\/\/www.elsindical.com.ar\/notas\/wp-json\/wp\/v2\/comments?post=48041"}],"version-history":[{"count":1,"href":"https:\/\/www.elsindical.com.ar\/notas\/wp-json\/wp\/v2\/posts\/48041\/revisions"}],"predecessor-version":[{"id":48042,"href":"https:\/\/www.elsindical.com.ar\/notas\/wp-json\/wp\/v2\/posts\/48041\/revisions\/48042"}],"wp:attachment":[{"href":"https:\/\/www.elsindical.com.ar\/notas\/wp-json\/wp\/v2\/media?parent=48041"}],"wp:term":[{"taxonomy":"category","embeddable":true,"href":"https:\/\/www.elsindical.com.ar\/notas\/wp-json\/wp\/v2\/categories?post=48041"},{"taxonomy":"post_tag","embeddable":true,"href":"https:\/\/www.elsindical.com.ar\/notas\/wp-json\/wp\/v2\/tags?post=48041"}],"curies":[{"name":"wp","href":"https:\/\/api.w.org\/{rel}","templated":true}]}}