{"id":47998,"date":"2014-12-18T15:33:46","date_gmt":"2014-12-18T18:33:46","guid":{"rendered":"http:\/\/www.elsindical.com.ar\/notas\/?p=47998"},"modified":"2014-12-18T15:33:46","modified_gmt":"2014-12-18T18:33:46","slug":"nueva-frustracion-en-las-negociaciones-por-el-salario-docente","status":"publish","type":"post","link":"https:\/\/www.elsindical.com.ar\/notas\/nueva-frustracion-en-las-negociaciones-por-el-salario-docente\/","title":{"rendered":"Nueva frustraci\u00f3n en las negociaciones por el salario docente"},"content":{"rendered":"<p><em><a href=\"http:\/\/www.elsindical.com.ar\/notas\/var\/www\/html\/notas\/wp-content\/uploads\/2010\/09\/UDOCBA-marcha-2.jpg\"><img loading=\"lazy\" decoding=\"async\" class=\"alignnone size-medium wp-image-9145\" src=\"http:\/\/www.elsindical.com.ar\/notas\/var\/www\/html\/notas\/wp-content\/uploads\/2010\/09\/UDOCBA-marcha-2-300x184.jpg\" alt=\"UDOCBA-marcha-2\" width=\"300\" height=\"184\" srcset=\"https:\/\/www.elsindical.com.ar\/notas\/var\/www\/html\/notas\/wp-content\/uploads\/2010\/09\/UDOCBA-marcha-2-300x184.jpg 300w, https:\/\/www.elsindical.com.ar\/notas\/var\/www\/html\/notas\/wp-content\/uploads\/2010\/09\/UDOCBA-marcha-2.jpg 325w\" sizes=\"auto, (max-width: 300px) 100vw, 300px\" \/><\/a>Los representantes paritarios de UDOCBA que asistieron a la reuni\u00f3n en el Ministerio de Econom\u00eda manifestaron su en\u00e9rgico rechazo a la propuesta formulada en el marco de lo que ha dado en llamarse \u201cMesa T\u00e9cnica Salarial\u201d. Las negociaciones se retomar\u00e1n el 5 de enero.<\/em><\/p>\n<p><em>\u201cNos realizaron dos propuestas que rondan los $176 mensuales, a cobrarse dos veces. Es inadmisible. Nosotros queremos discutir paritarias anuales, no parches vergonzosos\u201d,<\/em> manifest\u00f3 el Secretario Adjunto de UDOCBA, Alejandro Salcedo, al t\u00e9rmino de la reuni\u00f3n. El gremio reclama una recomposici\u00f3n urgente del salario que eleve el b\u00e1sico a $9.000 a partir de enero, \u00a0sin sumas en negro, \u00a0y un bono navide\u00f1o para compensar el poder adquisitivo perdido por efectos de la inflaci\u00f3n en el 2014<\/p>\n<p>Consultado acerca del avance de las negociaciones, el Secretario General de UDOCBA, Miguel Diaz, afirm\u00f3 que \u201c<em>en vez de un bono navide\u00f1o, ahora nos van a pedir que pongamos los zapatitos para los Reyes\u201d.<\/em> Y agreg\u00f3: \u201c<em>La provincia de Buenos Aires cada vez recauda m\u00e1s y cada vez invierte menos en educaci\u00f3n. Los n\u00fameros son harto elocuentes. Evidentemente no les interesa, no quieren realizar ninguna propuesta realmente superadora. As\u00ed va a ser dif\u00edcil que comience el ciclo lectivo 2015\u201d\u00a0<\/em><\/p>\n","protected":false},"excerpt":{"rendered":"<p>Los representantes paritarios de UDOCBA que asistieron a la reuni\u00f3n en el Ministerio de Econom\u00eda manifestaron su en\u00e9rgico rechazo a la propuesta formulada en el marco de lo que ha dado en llamarse \u201cMesa T\u00e9cnica Salarial\u201d. Las negociaciones se retomar\u00e1n el 5 de enero. \u201cNos realizaron dos propuestas que rondan los $176 mensuales, a cobrarse&hellip;<\/p>\n","protected":false},"author":1,"featured_media":0,"comment_status":"open","ping_status":"open","sticky":false,"template":"","format":"standard","meta":{"footnotes":""},"categories":[16],"tags":[20534,3006,1494,4475],"class_list":["post-47998","post","type-post","status-publish","format-standard","hentry","category-gremiales","tag-alejandra-salcedo","tag-ministerio-de-economia","tag-salario","tag-udocba"],"_links":{"self":[{"href":"https:\/\/www.elsindical.com.ar\/notas\/wp-json\/wp\/v2\/posts\/47998","targetHints":{"allow":["GET"]}}],"collection":[{"href":"https:\/\/www.elsindical.com.ar\/notas\/wp-json\/wp\/v2\/posts"}],"about":[{"href":"https:\/\/www.elsindical.com.ar\/notas\/wp-json\/wp\/v2\/types\/post"}],"author":[{"embeddable":true,"href":"https:\/\/www.elsindical.com.ar\/notas\/wp-json\/wp\/v2\/users\/1"}],"replies":[{"embeddable":true,"href":"https:\/\/www.elsindical.com.ar\/notas\/wp-json\/wp\/v2\/comments?post=47998"}],"version-history":[{"count":1,"href":"https:\/\/www.elsindical.com.ar\/notas\/wp-json\/wp\/v2\/posts\/47998\/revisions"}],"predecessor-version":[{"id":47999,"href":"https:\/\/www.elsindical.com.ar\/notas\/wp-json\/wp\/v2\/posts\/47998\/revisions\/47999"}],"wp:attachment":[{"href":"https:\/\/www.elsindical.com.ar\/notas\/wp-json\/wp\/v2\/media?parent=47998"}],"wp:term":[{"taxonomy":"category","embeddable":true,"href":"https:\/\/www.elsindical.com.ar\/notas\/wp-json\/wp\/v2\/categories?post=47998"},{"taxonomy":"post_tag","embeddable":true,"href":"https:\/\/www.elsindical.com.ar\/notas\/wp-json\/wp\/v2\/tags?post=47998"}],"curies":[{"name":"wp","href":"https:\/\/api.w.org\/{rel}","templated":true}]}}