{"id":47971,"date":"2014-12-17T09:39:56","date_gmt":"2014-12-17T12:39:56","guid":{"rendered":"http:\/\/www.elsindical.com.ar\/notas\/?p=47971"},"modified":"2014-12-17T09:39:56","modified_gmt":"2014-12-17T12:39:56","slug":"los-efectivos-de-las-fuerzas-de-seguridad-que-se-acuartelen-o-abandonen-su-servicio-seran-multados-y-arrestados","status":"publish","type":"post","link":"https:\/\/www.elsindical.com.ar\/notas\/los-efectivos-de-las-fuerzas-de-seguridad-que-se-acuartelen-o-abandonen-su-servicio-seran-multados-y-arrestados\/","title":{"rendered":"Los efectivos de las fuerzas de seguridad que se acuartelen o abandonen su servicio ser\u00e1n multados y arrestados"},"content":{"rendered":"<p><em><a href=\"http:\/\/www.elsindical.com.ar\/notas\/var\/www\/html\/notas\/wp-content\/uploads\/2012\/10\/efectivos-Prefectura-acuartelados.jpg\"><img loading=\"lazy\" decoding=\"async\" class=\"alignnone size-medium wp-image-28035\" src=\"http:\/\/www.elsindical.com.ar\/notas\/var\/www\/html\/notas\/wp-content\/uploads\/2012\/10\/efectivos-Prefectura-acuartelados-300x224.jpg\" alt=\"efectivos-Prefectura-acuartelados\" width=\"300\" height=\"224\" srcset=\"https:\/\/www.elsindical.com.ar\/notas\/var\/www\/html\/notas\/wp-content\/uploads\/2012\/10\/efectivos-Prefectura-acuartelados-300x224.jpg 300w, https:\/\/www.elsindical.com.ar\/notas\/var\/www\/html\/notas\/wp-content\/uploads\/2012\/10\/efectivos-Prefectura-acuartelados.jpg 443w\" sizes=\"auto, (max-width: 300px) 100vw, 300px\" \/><\/a>La <b>C\u00e1mara de Diputados <\/b>determin\u00f3 que los agentes de las fuerzas de seguridad que <b>abandonen su puesto <\/b>y causen \u00abla muerte de sus camaradas o terceros\u00bb,<b> como sucedi\u00f3 con los saqueos en 2013<\/b>, tendr\u00e1n sanciones<b> de hasta $750.000 y condenas de 2 a 8 a\u00f1os de c\u00e1rcel.<\/b><\/em><\/p>\n<div>En la \u00faltima sesi\u00f3n del a\u00f1o, <b>la C\u00e1mara de Diputados aprob\u00f3 con 194 votos a favor y 9 en contra el proyecto de ley que prev\u00e9 multas desde 12.500 a 750 mil pesos<\/b> e \u00ab<b>inhabilitaci\u00f3n especial de un mes a un a\u00f1o\u00bb<\/b>, para los agentes de las fuerzas de seguridad que sin \u00ab<b>haber admitido la renuncia de su destino<\/b>\u00bb lo abandone y produzca un \u00abda\u00f1o del servicio p\u00fablico\u00bb.<\/div>\n<div><\/div>\n<div>Las sanciones para quienes \u00abmaliciosamente omitieren la prestaci\u00f3n regular de su funci\u00f3n\u00bb son extensivas a los agentes de fuerzas de seguridad nacionales, provinciales y de la Ciudad de Buenos Aires. Los agentes ser\u00e1n castigados tambi\u00e9n \u00abcon pena de prisi\u00f3n de uno a tres a\u00f1os <b>e inhabilitaci\u00f3n especial para ejercer cargos p\u00fablicos por el doble tiempo de la condena<\/b>\u00ab<\/div>\n<div><\/div>\n<div>\u00abSi, como consecuencia del abandono u omisi\u00f3n tipificado\u00bb se producen \u00abda\u00f1os a bienes de la fuerza, bienes de terceros,<b> lesiones o muerte de sus camaradas o terceros, se aplicar\u00e1 una pena de prisi\u00f3n de dos a ocho a\u00f1os e inhabilitaci\u00f3n absoluta para desempe\u00f1ar cargos p\u00fablicos<\/b>\u00ab, agrega el texto.<\/div>\n<div><\/div>\n<div>En 2013, los acuartelamientos policiales fueron la principal causa de los saqueos y la muerte de ciudadanos.<\/div>\n<div><\/div>\n<div>Seg\u00fan public\u00f3 <i>Parlamentario<\/i>, el texto propone un agregado al art\u00edculo 252 del C\u00f3digo Penal para aplicar <b>\u00absanciones e inhabilitaciones\u00bb.<\/b><\/div>\n","protected":false},"excerpt":{"rendered":"<p>La C\u00e1mara de Diputados determin\u00f3 que los agentes de las fuerzas de seguridad que abandonen su puesto y causen \u00abla muerte de sus camaradas o terceros\u00bb, como sucedi\u00f3 con los saqueos en 2013, tendr\u00e1n sanciones de hasta $750.000 y condenas de 2 a 8 a\u00f1os de c\u00e1rcel. En la \u00faltima sesi\u00f3n del a\u00f1o, la C\u00e1mara&hellip;<\/p>\n","protected":false},"author":1,"featured_media":0,"comment_status":"open","ping_status":"open","sticky":false,"template":"","format":"standard","meta":{"footnotes":""},"categories":[13],"tags":[4553,4084,1537,3056],"class_list":["post-47971","post","type-post","status-publish","format-standard","hentry","category-politica","tag-camara-de-diputados","tag-fuerzas-de-seguridad","tag-multas","tag-sanciones"],"_links":{"self":[{"href":"https:\/\/www.elsindical.com.ar\/notas\/wp-json\/wp\/v2\/posts\/47971","targetHints":{"allow":["GET"]}}],"collection":[{"href":"https:\/\/www.elsindical.com.ar\/notas\/wp-json\/wp\/v2\/posts"}],"about":[{"href":"https:\/\/www.elsindical.com.ar\/notas\/wp-json\/wp\/v2\/types\/post"}],"author":[{"embeddable":true,"href":"https:\/\/www.elsindical.com.ar\/notas\/wp-json\/wp\/v2\/users\/1"}],"replies":[{"embeddable":true,"href":"https:\/\/www.elsindical.com.ar\/notas\/wp-json\/wp\/v2\/comments?post=47971"}],"version-history":[{"count":1,"href":"https:\/\/www.elsindical.com.ar\/notas\/wp-json\/wp\/v2\/posts\/47971\/revisions"}],"predecessor-version":[{"id":47972,"href":"https:\/\/www.elsindical.com.ar\/notas\/wp-json\/wp\/v2\/posts\/47971\/revisions\/47972"}],"wp:attachment":[{"href":"https:\/\/www.elsindical.com.ar\/notas\/wp-json\/wp\/v2\/media?parent=47971"}],"wp:term":[{"taxonomy":"category","embeddable":true,"href":"https:\/\/www.elsindical.com.ar\/notas\/wp-json\/wp\/v2\/categories?post=47971"},{"taxonomy":"post_tag","embeddable":true,"href":"https:\/\/www.elsindical.com.ar\/notas\/wp-json\/wp\/v2\/tags?post=47971"}],"curies":[{"name":"wp","href":"https:\/\/api.w.org\/{rel}","templated":true}]}}