{"id":47959,"date":"2014-12-16T15:38:32","date_gmt":"2014-12-16T18:38:32","guid":{"rendered":"http:\/\/www.elsindical.com.ar\/notas\/?p=47959"},"modified":"2014-12-16T15:38:32","modified_gmt":"2014-12-16T18:38:32","slug":"cambios-en-la-secretaria-de-inteligencia-y-el-gabinete-nacional","status":"publish","type":"post","link":"https:\/\/www.elsindical.com.ar\/notas\/cambios-en-la-secretaria-de-inteligencia-y-el-gabinete-nacional\/","title":{"rendered":"Cambios en la Secretaria de Inteligencia y el Gabinete Nacional"},"content":{"rendered":"<p><em><a href=\"http:\/\/www.elsindical.com.ar\/notas\/var\/www\/html\/notas\/wp-content\/uploads\/2010\/06\/SIDE-edificio.jpg\"><img loading=\"lazy\" decoding=\"async\" class=\"alignnone size-full wp-image-7365\" src=\"http:\/\/www.elsindical.com.ar\/notas\/var\/www\/html\/notas\/wp-content\/uploads\/2010\/06\/SIDE-edificio.jpg\" alt=\"SIDE-edificio\" width=\"198\" height=\"271\" \/><\/a>A las 13:45 de este martes, el vocero presidencial Alfredo Scoccimarro anunci\u00f3 cambios de Gabinete.<\/em><\/p>\n<p>Oscar Parrilli es el nuevo Secretario de Inteligencia, a partir de la renuncia de H\u00e9ctor Icazuriaga y de Francisco Larcher.<\/p>\n<p>En la Secretar\u00eda General de la Presidencia asumir\u00e1 An\u00edbal Fern\u00e1ndez.<\/p>\n<p>En tanto, <strong>Juan Mart\u00edn Mena ser\u00e1 el segundo en la SI<\/strong>, quien era jefe de Gabinete del ministro de Justicia, Julio Alak.<\/p>\n<p>Con estos cambios, <strong>Juan Manuel Abal Medina ser\u00e1 Senador Nacional<\/strong>.<\/p>\n<p>Seg\u00fan anunci\u00f3 Scocimarrio, <strong>la Presidenta de la Naci\u00f3n tomar\u00e1 juramento al doctor Parrilli, hoy a las 20 en el Sal\u00f3n Blanco de la Casa de Gobierno<\/strong>. El doctor Mena asumir\u00e1 en los pr\u00f3ximos d\u00edas.<\/p>\n<p>En tanto, <strong>al doctor An\u00edbal Fern\u00e1ndez se le tomar\u00e1 juramento a las 20.30 del pr\u00f3ximo jueves<\/strong>.<\/p>\n","protected":false},"excerpt":{"rendered":"<p>A las 13:45 de este martes, el vocero presidencial Alfredo Scoccimarro anunci\u00f3 cambios de Gabinete. Oscar Parrilli es el nuevo Secretario de Inteligencia, a partir de la renuncia de H\u00e9ctor Icazuriaga y de Francisco Larcher. En la Secretar\u00eda General de la Presidencia asumir\u00e1 An\u00edbal Fern\u00e1ndez. En tanto, Juan Mart\u00edn Mena ser\u00e1 el segundo en la&hellip;<\/p>\n","protected":false},"author":1,"featured_media":0,"comment_status":"open","ping_status":"open","sticky":false,"template":"","format":"standard","meta":{"footnotes":""},"categories":[13],"tags":[20523,7674,13099,1726,19540,8563],"class_list":["post-47959","post","type-post","status-publish","format-standard","hentry","category-politica","tag-francisco-larcher","tag-hector-icazuriaga","tag-juan-manuel-abal-medina","tag-julio-alak","tag-oscar-parrilli","tag-si"],"_links":{"self":[{"href":"https:\/\/www.elsindical.com.ar\/notas\/wp-json\/wp\/v2\/posts\/47959","targetHints":{"allow":["GET"]}}],"collection":[{"href":"https:\/\/www.elsindical.com.ar\/notas\/wp-json\/wp\/v2\/posts"}],"about":[{"href":"https:\/\/www.elsindical.com.ar\/notas\/wp-json\/wp\/v2\/types\/post"}],"author":[{"embeddable":true,"href":"https:\/\/www.elsindical.com.ar\/notas\/wp-json\/wp\/v2\/users\/1"}],"replies":[{"embeddable":true,"href":"https:\/\/www.elsindical.com.ar\/notas\/wp-json\/wp\/v2\/comments?post=47959"}],"version-history":[{"count":1,"href":"https:\/\/www.elsindical.com.ar\/notas\/wp-json\/wp\/v2\/posts\/47959\/revisions"}],"predecessor-version":[{"id":47960,"href":"https:\/\/www.elsindical.com.ar\/notas\/wp-json\/wp\/v2\/posts\/47959\/revisions\/47960"}],"wp:attachment":[{"href":"https:\/\/www.elsindical.com.ar\/notas\/wp-json\/wp\/v2\/media?parent=47959"}],"wp:term":[{"taxonomy":"category","embeddable":true,"href":"https:\/\/www.elsindical.com.ar\/notas\/wp-json\/wp\/v2\/categories?post=47959"},{"taxonomy":"post_tag","embeddable":true,"href":"https:\/\/www.elsindical.com.ar\/notas\/wp-json\/wp\/v2\/tags?post=47959"}],"curies":[{"name":"wp","href":"https:\/\/api.w.org\/{rel}","templated":true}]}}