{"id":47955,"date":"2014-12-16T15:19:00","date_gmt":"2014-12-16T18:19:00","guid":{"rendered":"http:\/\/www.elsindical.com.ar\/notas\/?p=47955"},"modified":"2014-12-16T15:19:00","modified_gmt":"2014-12-16T18:19:00","slug":"el-sitraic-entrega-bolsas-por-las-fiestas","status":"publish","type":"post","link":"https:\/\/www.elsindical.com.ar\/notas\/el-sitraic-entrega-bolsas-por-las-fiestas\/","title":{"rendered":"El SITRAIC entrega bolsas por las fiestas."},"content":{"rendered":"<p><em><a href=\"http:\/\/www.elsindical.com.ar\/notas\/var\/www\/html\/notas\/wp-content\/uploads\/2014\/12\/1978754.jpg\"><img loading=\"lazy\" decoding=\"async\" class=\"alignnone size-medium wp-image-47957\" src=\"http:\/\/www.elsindical.com.ar\/notas\/var\/www\/html\/notas\/wp-content\/uploads\/2014\/12\/1978754-224x300.jpg\" alt=\"1978754\" width=\"224\" height=\"300\" srcset=\"https:\/\/www.elsindical.com.ar\/notas\/var\/www\/html\/notas\/wp-content\/uploads\/2014\/12\/1978754-224x300.jpg 224w, https:\/\/www.elsindical.com.ar\/notas\/var\/www\/html\/notas\/wp-content\/uploads\/2014\/12\/1978754.jpg 531w\" sizes=\"auto, (max-width: 224px) 100vw, 224px\" \/><\/a>Con el arribo del \u00faltimo mes del a\u00f1o el SITRAIC se propuso el objetivo de entregarle una bolsa a cada compa\u00f1ero con 13 productos para estas fiestas.<\/em><\/p>\n<p>Sabemos que ha sido un a\u00f1o dif\u00edcil para los trabajadores de la construcci\u00f3n, que hemos tenido que padecer un acuerdo salarial que fue superado holgadamente por la inflaci\u00f3n en un 10% o hasta 15%. Ese ataque contra nuestros salarios, que pactaron la C\u00e1mara de la Construcci\u00f3n, la UOCRA y el gobierno, se hace sentir fuertemente en<span class=\"text_exposed_show\"> estas fiestas. <\/span><\/p>\n<p><span class=\"text_exposed_show\">Por estas razones el SITRAIC realiz\u00f3 esta importante actividad que alcanz\u00f3 a cientos de trabajadores de la construcci\u00f3n. <\/span><\/p>\n<p><span class=\"text_exposed_show\">Los trabajadores van ganando confianza en el Sitraic porque como pocas veces en su historia ven en nuestro sindicato una organizaci\u00f3n gremial presente que transforma sus aportes en beneficios para el conjunto de los obreros de la construcci\u00f3n.<\/span><\/p>\n<p><a href=\"http:\/\/www.elsindical.com.ar\/notas\/var\/www\/html\/notas\/wp-content\/uploads\/2014\/12\/10849847.jpg\"><img loading=\"lazy\" decoding=\"async\" class=\"alignnone size-medium wp-image-47956\" src=\"http:\/\/www.elsindical.com.ar\/notas\/var\/www\/html\/notas\/wp-content\/uploads\/2014\/12\/10849847-300x225.jpg\" alt=\"10849847\" width=\"300\" height=\"225\" srcset=\"https:\/\/www.elsindical.com.ar\/notas\/var\/www\/html\/notas\/wp-content\/uploads\/2014\/12\/10849847-300x225.jpg 300w, https:\/\/www.elsindical.com.ar\/notas\/var\/www\/html\/notas\/wp-content\/uploads\/2014\/12\/10849847-399x300.jpg 399w, https:\/\/www.elsindical.com.ar\/notas\/var\/www\/html\/notas\/wp-content\/uploads\/2014\/12\/10849847.jpg 531w\" sizes=\"auto, (max-width: 300px) 100vw, 300px\" \/><\/a><\/p>\n","protected":false},"excerpt":{"rendered":"<p>Con el arribo del \u00faltimo mes del a\u00f1o el SITRAIC se propuso el objetivo de entregarle una bolsa a cada compa\u00f1ero con 13 productos para estas fiestas. Sabemos que ha sido un a\u00f1o dif\u00edcil para los trabajadores de la construcci\u00f3n, que hemos tenido que padecer un acuerdo salarial que fue superado holgadamente por la inflaci\u00f3n&hellip;<\/p>\n","protected":false},"author":1,"featured_media":0,"comment_status":"open","ping_status":"open","sticky":false,"template":"","format":"standard","meta":{"footnotes":""},"categories":[16],"tags":[20521,1296,20522,9261],"class_list":["post-47955","post","type-post","status-publish","format-standard","hentry","category-gremiales","tag-camara-de-la-construccion","tag-fiestas","tag-obreros-construccion","tag-sitraic"],"_links":{"self":[{"href":"https:\/\/www.elsindical.com.ar\/notas\/wp-json\/wp\/v2\/posts\/47955","targetHints":{"allow":["GET"]}}],"collection":[{"href":"https:\/\/www.elsindical.com.ar\/notas\/wp-json\/wp\/v2\/posts"}],"about":[{"href":"https:\/\/www.elsindical.com.ar\/notas\/wp-json\/wp\/v2\/types\/post"}],"author":[{"embeddable":true,"href":"https:\/\/www.elsindical.com.ar\/notas\/wp-json\/wp\/v2\/users\/1"}],"replies":[{"embeddable":true,"href":"https:\/\/www.elsindical.com.ar\/notas\/wp-json\/wp\/v2\/comments?post=47955"}],"version-history":[{"count":1,"href":"https:\/\/www.elsindical.com.ar\/notas\/wp-json\/wp\/v2\/posts\/47955\/revisions"}],"predecessor-version":[{"id":47958,"href":"https:\/\/www.elsindical.com.ar\/notas\/wp-json\/wp\/v2\/posts\/47955\/revisions\/47958"}],"wp:attachment":[{"href":"https:\/\/www.elsindical.com.ar\/notas\/wp-json\/wp\/v2\/media?parent=47955"}],"wp:term":[{"taxonomy":"category","embeddable":true,"href":"https:\/\/www.elsindical.com.ar\/notas\/wp-json\/wp\/v2\/categories?post=47955"},{"taxonomy":"post_tag","embeddable":true,"href":"https:\/\/www.elsindical.com.ar\/notas\/wp-json\/wp\/v2\/tags?post=47955"}],"curies":[{"name":"wp","href":"https:\/\/api.w.org\/{rel}","templated":true}]}}