{"id":47941,"date":"2014-12-16T09:23:49","date_gmt":"2014-12-16T12:23:49","guid":{"rendered":"http:\/\/www.elsindical.com.ar\/notas\/?p=47941"},"modified":"2014-12-16T09:23:49","modified_gmt":"2014-12-16T12:23:49","slug":"critican-a-scioli-y-granados-por-falencias-en-los-blindajes-de-patrulleros","status":"publish","type":"post","link":"https:\/\/www.elsindical.com.ar\/notas\/critican-a-scioli-y-granados-por-falencias-en-los-blindajes-de-patrulleros\/","title":{"rendered":"Critican a Scioli y Granados por falencias en los blindajes de patrulleros"},"content":{"rendered":"<div id=\"id_549021f334b217d34129271\" class=\"text_exposed_root text_exposed\">\n<p><a href=\"http:\/\/www.elsindical.com.ar\/notas\/var\/www\/html\/notas\/wp-content\/uploads\/2014\/12\/10805838.jpg\"><img loading=\"lazy\" decoding=\"async\" class=\"alignnone size-medium wp-image-47944\" src=\"http:\/\/www.elsindical.com.ar\/notas\/var\/www\/html\/notas\/wp-content\/uploads\/2014\/12\/10805838-300x225.jpg\" alt=\"10805838\" width=\"300\" height=\"225\" srcset=\"https:\/\/www.elsindical.com.ar\/notas\/var\/www\/html\/notas\/wp-content\/uploads\/2014\/12\/10805838-300x225.jpg 300w, https:\/\/www.elsindical.com.ar\/notas\/var\/www\/html\/notas\/wp-content\/uploads\/2014\/12\/10805838-399x300.jpg 399w, https:\/\/www.elsindical.com.ar\/notas\/var\/www\/html\/notas\/wp-content\/uploads\/2014\/12\/10805838.jpg 531w\" sizes=\"auto, (max-width: 300px) 100vw, 300px\" \/><\/a>\u00abAs\u00ed cuida Daniel Scioli a los polic\u00edas que luchan contra el crimen\u00bb<\/p>\n<p>El Senador Jorge D\u00b4Onofrio, present\u00f3 un Pedido de Informes para que el ministro de segurid<span class=\"text_exposed_show\">ad, Alejandro Granados explique c\u00f3mo se realiz\u00f3 el blindado de los veh\u00edculos que utiliza la Polic\u00eda Bonaerense. Esto se da en el marco de las im\u00e1genes que aparecieron donde se ve como un patrullero de La Matanza fue atacado por delincuentes y perforado por las balas en las puertas y en el ba\u00fal, traspasando al habit\u00e1culo del m\u00f3vil.<\/span><\/p>\n<p><span class=\"text_exposed_show\">\u201cCada minuto que pasa me convenzo m\u00e1s de que al ministro Granados le importa poco y nada la seguridad, ni la de los bonaerenses ni la de sus propios polic\u00edas\u201d cont\u00f3 el titular de la bancada massista al tiempo que agreg\u00f3 \u201cen La Matanza un patrullero fue atacado y en las fotos se ve claramente como ingresaron las balas hasta los asientos delanteros\u201d.<\/span><\/p>\n<p><span class=\"text_exposed_show\">En este contexto el bloque present\u00f3 un Pedido de Informes para que se detalle c\u00f3mo es que se realiza el blindado en los nuevos m\u00f3viles de prevenci\u00f3n, \u201cse blinda solo el frente, con el parabrisas y las dos puertas laterales de adelante, el resto queda expuesto a merced de los delincuentes\u201d confirm\u00f3 D\u00b4Onofrio al tiempo que a\u00f1adi\u00f3 \u201ca nuestros hombres los podemos mandar a la guerra contra la inseguridad solo rezando que los delincuentes vengan de frente porque si los atacan de costado o de atr\u00e1s pueden dejar la vida\u201d.<\/span><\/p>\n<p><a href=\"http:\/\/www.elsindical.com.ar\/notas\/var\/www\/html\/notas\/wp-content\/uploads\/2014\/12\/10847869.jpg\"><img loading=\"lazy\" decoding=\"async\" class=\"alignnone size-medium wp-image-47943\" src=\"http:\/\/www.elsindical.com.ar\/notas\/var\/www\/html\/notas\/wp-content\/uploads\/2014\/12\/10847869-300x225.jpg\" alt=\"10847869\" width=\"300\" height=\"225\" srcset=\"https:\/\/www.elsindical.com.ar\/notas\/var\/www\/html\/notas\/wp-content\/uploads\/2014\/12\/10847869-300x225.jpg 300w, https:\/\/www.elsindical.com.ar\/notas\/var\/www\/html\/notas\/wp-content\/uploads\/2014\/12\/10847869-399x300.jpg 399w, https:\/\/www.elsindical.com.ar\/notas\/var\/www\/html\/notas\/wp-content\/uploads\/2014\/12\/10847869.jpg 531w\" sizes=\"auto, (max-width: 300px) 100vw, 300px\" \/><\/a> <a href=\"http:\/\/www.elsindical.com.ar\/notas\/var\/www\/html\/notas\/wp-content\/uploads\/2014\/12\/10409605.jpg\"><img loading=\"lazy\" decoding=\"async\" class=\"alignnone size-medium wp-image-47942\" src=\"http:\/\/www.elsindical.com.ar\/notas\/var\/www\/html\/notas\/wp-content\/uploads\/2014\/12\/10409605-300x225.jpg\" alt=\"10409605\" width=\"300\" height=\"225\" srcset=\"https:\/\/www.elsindical.com.ar\/notas\/var\/www\/html\/notas\/wp-content\/uploads\/2014\/12\/10409605-300x225.jpg 300w, https:\/\/www.elsindical.com.ar\/notas\/var\/www\/html\/notas\/wp-content\/uploads\/2014\/12\/10409605-399x300.jpg 399w, https:\/\/www.elsindical.com.ar\/notas\/var\/www\/html\/notas\/wp-content\/uploads\/2014\/12\/10409605.jpg 531w\" sizes=\"auto, (max-width: 300px) 100vw, 300px\" \/><\/a><\/p>\n<\/div>\n","protected":false},"excerpt":{"rendered":"<p>\u00abAs\u00ed cuida Daniel Scioli a los polic\u00edas que luchan contra el crimen\u00bb El Senador Jorge D\u00b4Onofrio, present\u00f3 un Pedido de Informes para que el ministro de seguridad, Alejandro Granados explique c\u00f3mo se realiz\u00f3 el blindado de los veh\u00edculos que utiliza la Polic\u00eda Bonaerense. Esto se da en el marco de las im\u00e1genes que aparecieron donde&hellip;<\/p>\n","protected":false},"author":1,"featured_media":0,"comment_status":"open","ping_status":"open","sticky":false,"template":"","format":"standard","meta":{"footnotes":""},"categories":[6],"tags":[17643,20516,19949,1401,17154,749],"class_list":["post-47941","post","type-post","status-publish","format-standard","hentry","category-denuncias","tag-alejandro-granados","tag-blindaje","tag-jorge-donofrio","tag-la-matanza","tag-patrullas","tag-policia-bonaerense"],"_links":{"self":[{"href":"https:\/\/www.elsindical.com.ar\/notas\/wp-json\/wp\/v2\/posts\/47941","targetHints":{"allow":["GET"]}}],"collection":[{"href":"https:\/\/www.elsindical.com.ar\/notas\/wp-json\/wp\/v2\/posts"}],"about":[{"href":"https:\/\/www.elsindical.com.ar\/notas\/wp-json\/wp\/v2\/types\/post"}],"author":[{"embeddable":true,"href":"https:\/\/www.elsindical.com.ar\/notas\/wp-json\/wp\/v2\/users\/1"}],"replies":[{"embeddable":true,"href":"https:\/\/www.elsindical.com.ar\/notas\/wp-json\/wp\/v2\/comments?post=47941"}],"version-history":[{"count":1,"href":"https:\/\/www.elsindical.com.ar\/notas\/wp-json\/wp\/v2\/posts\/47941\/revisions"}],"predecessor-version":[{"id":47945,"href":"https:\/\/www.elsindical.com.ar\/notas\/wp-json\/wp\/v2\/posts\/47941\/revisions\/47945"}],"wp:attachment":[{"href":"https:\/\/www.elsindical.com.ar\/notas\/wp-json\/wp\/v2\/media?parent=47941"}],"wp:term":[{"taxonomy":"category","embeddable":true,"href":"https:\/\/www.elsindical.com.ar\/notas\/wp-json\/wp\/v2\/categories?post=47941"},{"taxonomy":"post_tag","embeddable":true,"href":"https:\/\/www.elsindical.com.ar\/notas\/wp-json\/wp\/v2\/tags?post=47941"}],"curies":[{"name":"wp","href":"https:\/\/api.w.org\/{rel}","templated":true}]}}