{"id":47936,"date":"2014-12-15T15:28:57","date_gmt":"2014-12-15T18:28:57","guid":{"rendered":"http:\/\/www.elsindical.com.ar\/notas\/?p=47936"},"modified":"2014-12-15T15:28:57","modified_gmt":"2014-12-15T18:28:57","slug":"san-pedroarde-el-municipio-e-intendente-pide-licencia","status":"publish","type":"post","link":"https:\/\/www.elsindical.com.ar\/notas\/san-pedroarde-el-municipio-e-intendente-pide-licencia\/","title":{"rendered":"San Pedro:Arde el municipio e intendente pide licencia"},"content":{"rendered":"<p><em><a href=\"http:\/\/www.elsindical.com.ar\/notas\/var\/www\/html\/notas\/wp-content\/uploads\/2014\/12\/casa-intendente-de-San-Pedro.jpg\"><img loading=\"lazy\" decoding=\"async\" class=\"alignnone size-medium wp-image-47937\" src=\"http:\/\/www.elsindical.com.ar\/notas\/var\/www\/html\/notas\/wp-content\/uploads\/2014\/12\/casa-intendente-de-San-Pedro-300x225.jpg\" alt=\"casa-intendente-de-San-Pedro\" width=\"300\" height=\"225\" srcset=\"https:\/\/www.elsindical.com.ar\/notas\/var\/www\/html\/notas\/wp-content\/uploads\/2014\/12\/casa-intendente-de-San-Pedro-300x225.jpg 300w, https:\/\/www.elsindical.com.ar\/notas\/var\/www\/html\/notas\/wp-content\/uploads\/2014\/12\/casa-intendente-de-San-Pedro-399x300.jpg 399w, https:\/\/www.elsindical.com.ar\/notas\/var\/www\/html\/notas\/wp-content\/uploads\/2014\/12\/casa-intendente-de-San-Pedro.jpg 531w\" sizes=\"auto, (max-width: 300px) 100vw, 300px\" \/><\/a>Con el municipio en llamas, el alcalde de San Pedro, Pablo Guaccone, solicit\u00f3 licencia \u00abobedeciendo razones estrictamente de salud\u00bb. en plena toma de la municipalidad por conflicto salarial. Los empleados municipales exigen la renuncia del jefe comunal.<\/em><\/p>\n<p>En las \u00faltimas horas el Intendente de San Pedro, Pablo Guaccone, pidi\u00f3 licencia en plena toma de la Municipalidad. El pedido del Jefe Comunal es \u00abpor el plazo de 30 d\u00edas, a partir del d\u00eda 15 de diciembre del corriente a\u00f1o\u00bb y responde a \u00abrazones estrictamente de salud\u00bb.<\/p>\n<p>Casualmente, la medida coincide con la toma del Palacio Municipal que se inici\u00f3 el viernes pasado, cuando los trabajadores ingresaron al despacho de Guacone y, con bombos, protestaron contra la falta de pago de sueldos y aguinaldos. Tambi\u00e9n pintaron con aerosoles escritorios, paredes y cuadros.<\/p>\n<p>Otro grupo de manifestantes se hab\u00eda dirigido a la vivienda particular del Intendente, donde vive con su familia, y all\u00ed tiraron huevazos, dibujaron grafittis y escribieron insultos.<\/p>\n<p>Los trabajadores municipales, al igual que muchos vecinos, exigen la renuncia de Guacone, ya que, entre otras irregularidades, el retraso de los sueldos se da todos los meses y los empleados reci\u00e9n cobran despu\u00e9s de realizar varios d\u00edas de paro y protestas.<\/p>\n<p>&nbsp;<\/p>\n<p><em><strong>Fuente: La Tecla<\/strong><\/em><\/p>\n","protected":false},"excerpt":{"rendered":"<p>Con el municipio en llamas, el alcalde de San Pedro, Pablo Guaccone, solicit\u00f3 licencia \u00abobedeciendo razones estrictamente de salud\u00bb. en plena toma de la municipalidad por conflicto salarial. Los empleados municipales exigen la renuncia del jefe comunal. En las \u00faltimas horas el Intendente de San Pedro, Pablo Guaccone, pidi\u00f3 licencia en plena toma de la&hellip;<\/p>\n","protected":false},"author":1,"featured_media":0,"comment_status":"open","ping_status":"open","sticky":false,"template":"","format":"standard","meta":{"footnotes":""},"categories":[13],"tags":[8376,20515,3314,1855],"class_list":["post-47936","post","type-post","status-publish","format-standard","hentry","category-politica","tag-empleados-municipales","tag-pablo-guaccone","tag-palacio-municipal","tag-san-pedro"],"_links":{"self":[{"href":"https:\/\/www.elsindical.com.ar\/notas\/wp-json\/wp\/v2\/posts\/47936","targetHints":{"allow":["GET"]}}],"collection":[{"href":"https:\/\/www.elsindical.com.ar\/notas\/wp-json\/wp\/v2\/posts"}],"about":[{"href":"https:\/\/www.elsindical.com.ar\/notas\/wp-json\/wp\/v2\/types\/post"}],"author":[{"embeddable":true,"href":"https:\/\/www.elsindical.com.ar\/notas\/wp-json\/wp\/v2\/users\/1"}],"replies":[{"embeddable":true,"href":"https:\/\/www.elsindical.com.ar\/notas\/wp-json\/wp\/v2\/comments?post=47936"}],"version-history":[{"count":1,"href":"https:\/\/www.elsindical.com.ar\/notas\/wp-json\/wp\/v2\/posts\/47936\/revisions"}],"predecessor-version":[{"id":47938,"href":"https:\/\/www.elsindical.com.ar\/notas\/wp-json\/wp\/v2\/posts\/47936\/revisions\/47938"}],"wp:attachment":[{"href":"https:\/\/www.elsindical.com.ar\/notas\/wp-json\/wp\/v2\/media?parent=47936"}],"wp:term":[{"taxonomy":"category","embeddable":true,"href":"https:\/\/www.elsindical.com.ar\/notas\/wp-json\/wp\/v2\/categories?post=47936"},{"taxonomy":"post_tag","embeddable":true,"href":"https:\/\/www.elsindical.com.ar\/notas\/wp-json\/wp\/v2\/tags?post=47936"}],"curies":[{"name":"wp","href":"https:\/\/api.w.org\/{rel}","templated":true}]}}