{"id":47780,"date":"2014-12-10T17:37:37","date_gmt":"2014-12-10T20:37:37","guid":{"rendered":"http:\/\/www.elsindical.com.ar\/notas\/?p=47780"},"modified":"2014-12-10T17:37:37","modified_gmt":"2014-12-10T20:37:37","slug":"segun-schmid-el-gobierno-nacional-alienta-la-conflictividad-laboral","status":"publish","type":"post","link":"https:\/\/www.elsindical.com.ar\/notas\/segun-schmid-el-gobierno-nacional-alienta-la-conflictividad-laboral\/","title":{"rendered":"Seg\u00fan Schmid, el gobierno nacional alienta la conflictividad laboral"},"content":{"rendered":"<p><a href=\"http:\/\/www.elsindical.com.ar\/notas\/var\/www\/html\/notas\/wp-content\/uploads\/2014\/12\/Juan-Carlos-Schmid.jpg\"><img loading=\"lazy\" decoding=\"async\" class=\"alignnone size-medium wp-image-47781\" src=\"http:\/\/www.elsindical.com.ar\/notas\/var\/www\/html\/notas\/wp-content\/uploads\/2014\/12\/Juan-Carlos-Schmid-300x176.jpg\" alt=\"Juan-Carlos-Schmid\" width=\"300\" height=\"176\" srcset=\"https:\/\/www.elsindical.com.ar\/notas\/var\/www\/html\/notas\/wp-content\/uploads\/2014\/12\/Juan-Carlos-Schmid-300x176.jpg 300w, https:\/\/www.elsindical.com.ar\/notas\/var\/www\/html\/notas\/wp-content\/uploads\/2014\/12\/Juan-Carlos-Schmid-500x293.jpg 500w, https:\/\/www.elsindical.com.ar\/notas\/var\/www\/html\/notas\/wp-content\/uploads\/2014\/12\/Juan-Carlos-Schmid.jpg 531w\" sizes=\"auto, (max-width: 300px) 100vw, 300px\" \/><\/a><\/p>\n<p class=\"copete\"><em>El referente de la CGT Azopardo sali\u00f3 al cruce de Jorge Capitanich y pidi\u00f3 \u201cal menos una alternativa para recomponer el poder adquisitivo\u00bb.<\/em><\/p>\n<p>El titular del sindicato de Dragado y Balizamiento, <strong>Juan Carlos Schmid<\/strong>, afirm\u00f3 este lunes que el Gobierno nacional est\u00e1 \u00ab<strong>provocando a los gremios<\/strong>\u00bb y <strong>\u00abalentando la conflictividad laboral<\/strong>\u00bb al pedir \u00absolidaridad\u00bb cuando niega cambios en el impuesto a las Ganancias, en referencia a las expresiones del Jefe de Gabinete, <strong>Jorge Capitanich<\/strong>.<\/p>\n<p>\u00abNos piden filosof\u00eda y solidaridad a los trabajadores cuando<strong> nosotros solicitamos una alternativa<\/strong>. Con esas afirmaciones lo \u00fanico que est\u00e1n alentando es m\u00e1s conflicto, mayor conflictividad social\u00bb, se\u00f1al\u00f3 el gremialista.<\/p>\n<p>En contacto con la agencia de noticias NA, el dirigente de la CGT opositora sostuvo que \u201ces una verdadera cerraz\u00f3n,<strong> una cerraz\u00f3n absoluta la de Gobierno ante los trabajadores<\/strong> que est\u00e1n reclamando al menos una alternativa para recomponer el poder adquisitivo\u00bb.<\/p>\n<p>El sindicalista ratific\u00f3 que <strong>los gremios del transporte se reunir\u00e1n el mi\u00e9rcoles<\/strong> en el gremio de los portuarios para determinar los pasos a seguir, y no descart\u00f3 una nueva huelga.<\/p>\n<p>Los sindicatos del sector la semana pasada realizaron asambleas simult\u00e1neas de entre tres y cinco horas, en reclamo de que el medio aguinaldo no pague el impuesto a las Ganancias y tambi\u00e9n un plus salarial de fin de a\u00f1o.<\/p>\n","protected":false},"excerpt":{"rendered":"<p>El referente de la CGT Azopardo sali\u00f3 al cruce de Jorge Capitanich y pidi\u00f3 \u201cal menos una alternativa para recomponer el poder adquisitivo\u00bb. El titular del sindicato de Dragado y Balizamiento, Juan Carlos Schmid, afirm\u00f3 este lunes que el Gobierno nacional est\u00e1 \u00abprovocando a los gremios\u00bb y \u00abalentando la conflictividad laboral\u00bb al pedir \u00absolidaridad\u00bb cuando&hellip;<\/p>\n","protected":false},"author":1,"featured_media":0,"comment_status":"open","ping_status":"open","sticky":false,"template":"","format":"standard","meta":{"footnotes":""},"categories":[16],"tags":[13390,17427,7558],"class_list":["post-47780","post","type-post","status-publish","format-standard","hentry","category-gremiales","tag-cgt-azopardo","tag-jorge-capitanich","tag-juan-carlos-schmid"],"_links":{"self":[{"href":"https:\/\/www.elsindical.com.ar\/notas\/wp-json\/wp\/v2\/posts\/47780","targetHints":{"allow":["GET"]}}],"collection":[{"href":"https:\/\/www.elsindical.com.ar\/notas\/wp-json\/wp\/v2\/posts"}],"about":[{"href":"https:\/\/www.elsindical.com.ar\/notas\/wp-json\/wp\/v2\/types\/post"}],"author":[{"embeddable":true,"href":"https:\/\/www.elsindical.com.ar\/notas\/wp-json\/wp\/v2\/users\/1"}],"replies":[{"embeddable":true,"href":"https:\/\/www.elsindical.com.ar\/notas\/wp-json\/wp\/v2\/comments?post=47780"}],"version-history":[{"count":1,"href":"https:\/\/www.elsindical.com.ar\/notas\/wp-json\/wp\/v2\/posts\/47780\/revisions"}],"predecessor-version":[{"id":47782,"href":"https:\/\/www.elsindical.com.ar\/notas\/wp-json\/wp\/v2\/posts\/47780\/revisions\/47782"}],"wp:attachment":[{"href":"https:\/\/www.elsindical.com.ar\/notas\/wp-json\/wp\/v2\/media?parent=47780"}],"wp:term":[{"taxonomy":"category","embeddable":true,"href":"https:\/\/www.elsindical.com.ar\/notas\/wp-json\/wp\/v2\/categories?post=47780"},{"taxonomy":"post_tag","embeddable":true,"href":"https:\/\/www.elsindical.com.ar\/notas\/wp-json\/wp\/v2\/tags?post=47780"}],"curies":[{"name":"wp","href":"https:\/\/api.w.org\/{rel}","templated":true}]}}