{"id":47741,"date":"2014-12-08T10:52:04","date_gmt":"2014-12-08T13:52:04","guid":{"rendered":"http:\/\/www.elsindical.com.ar\/notas\/?p=47741"},"modified":"2014-12-08T20:31:10","modified_gmt":"2014-12-08T23:31:10","slug":"degli-innocenti-intento-defender-el-presupuesto-municipal","status":"publish","type":"post","link":"https:\/\/www.elsindical.com.ar\/notas\/degli-innocenti-intento-defender-el-presupuesto-municipal\/","title":{"rendered":"Degli Innocenti, intent\u00f3 defender el presupuesto municipal"},"content":{"rendered":"<p><a href=\"http:\/\/www.elsindical.com.ar\/notas\/var\/www\/html\/notas\/wp-content\/uploads\/2014\/01\/Jorge-Deli-Innocenti.jpg\"><img loading=\"lazy\" decoding=\"async\" class=\"alignnone size-medium wp-image-40291\" src=\"http:\/\/www.elsindical.com.ar\/notas\/var\/www\/html\/notas\/wp-content\/uploads\/2014\/01\/Jorge-Deli-Innocenti-300x246.jpg\" alt=\"Jorge Deli Innocenti\" width=\"300\" height=\"246\" srcset=\"https:\/\/www.elsindical.com.ar\/notas\/var\/www\/html\/notas\/wp-content\/uploads\/2014\/01\/Jorge-Deli-Innocenti-300x246.jpg 300w, https:\/\/www.elsindical.com.ar\/notas\/var\/www\/html\/notas\/wp-content\/uploads\/2014\/01\/Jorge-Deli-Innocenti-365x300.jpg 365w, https:\/\/www.elsindical.com.ar\/notas\/var\/www\/html\/notas\/wp-content\/uploads\/2014\/01\/Jorge-Deli-Innocenti.jpg 413w\" sizes=\"auto, (max-width: 300px) 100vw, 300px\" \/><\/a>\u00a0 El concejal y presidente del bloque del FpV del HCD de Avellaneda, Jorge Degli Innocenti, tuvo que salir a defender el presupuesto que se debatir\u00e1 el jueves seg\u00fan sus palabras, asegurando que \u00abtenemos un presupuesto equilibrado\u00bb y \u00abno hay despilfarro y ning\u00fan desequilibrio con las partidas, es m\u00e1s, todo est\u00e1 presupuestado en el 28 y 30 por ciento de aumento de las tasas municipales\u201d.<\/p>\n<p>En otro nuevo acting para los que desconocen los acuerdos pol\u00edticos, ahora el concejal Armando Bertolotto, vuelve a cuestionar alg\u00fan punto para acompa\u00f1ar el proyecto oficialista tal como est\u00e1 y desde el oficialismo parecen recobrar la memoria para hacer saber a los medios de prensa locales, algunos de los negocios del otro veterano concejal que supo hacer fortuna como pol\u00edtico local. M\u00e1s a\u00fan de forma an\u00f3nima comenzaron a llegar mails que descubren negocios de concejales de la oposici\u00f3n, con nombres, direcciones y fotograf\u00edas.<\/p>\n<p>Tambi\u00e9n se volver\u00e1 a estudiar el tan molesto tema para el intendente como lo es el del Hospital de Wilde, que aunque pone nerviosos a los concejales del oficialismo, especialmente a Degli Innocenti, es necesario debatir, ya que el propio gobierno local ha dicho que el hospital le insume un gasto de alrededor de los 70 millones. seg\u00fan el concejal Degli Innocenti, la provincia ya tiene contemplado en su presupuesto el gasto del hospital, en lo que a equilibro se refiere, el gobierno municipal no ha sido veraz, ya que de los supuestos 70 millones, no menciona los millones que recibe de la provincia por la coparticipaci\u00f3n, suma que no recibir\u00e1 con el traspaso y habr\u00e1 que ver en qu\u00e9 se gasta la suma que supuestamente se ahorra el municipio.<\/p>\n<p>Tampoco se les dice a los vecinos o la prensa, de qu\u00e9 forma se ejecuta por ejemplo el presupuesto de la Defensor\u00eda del Pueblo de Avellaneda, que con un presupuesto millonario nadie puede explicar los gastos que tiene, ni siquiera el propio defensor del pueblo Sebasti\u00e1n Vinagre, quien no solo reconoce que es irregular la forma en que se maneja el presupuesto de la defensor\u00eda, sino que lo m\u00e1s grave es que esto afecta a la autonom\u00eda de la defensor\u00eda.<\/p>\n<p>Sobre el punto de discusi\u00f3n o supuesta discusi\u00f3n que plantea Armando Bertolotto, Degli Innocenti, minimiz\u00f3 el otorgar al intendente facultades extraordinarias para modificar las partidas del presupuesto sin la aprobaci\u00f3n de HCD, y asegur\u00f3 que \u00e9l hace 15 a\u00f1os que las vota y en el caso de Ferraresi, la us\u00f3 una sola vez ante una emergencia.<\/p>\n<p>Desde el punto de vista socio- econ\u00f3mico, no puede el oficialismo decir que han tenido o tienen un presupuesto equilibrado, por un lado est\u00e1n a la vista el desequilibrio y la desigualdad en la ejecuci\u00f3n del presupuesto, se han beneficiado empresas con emprendimientos innecesarios y se han postergado trabajos reclamados por los vecinos, sigue sin una soluci\u00f3n el tema de la inseguridad, y se gastan millones en recursos mal aprovechados, o en observatorios que no sirven para nada, salvo para justificar la asignaci\u00f3n de millones a una de las cajas pol\u00edticas como lo es el caso de la UNDAV.<\/p>\n<p>Deber\u00edan explicar c\u00f3mo se pauta con medios truchos y sin inscripci\u00f3n en la AFIP, en la desesperaci\u00f3n de mostrar una realidad y una imagen a los vecinos que los muestre eficientes.<\/p>\n<p>Lo invito al concejal Degli Innocenti y a los funcionarios\u00a0a mostrarnos a los vecinos los n\u00fameros del presupuesto, los desaf\u00edo a que nos muestren el equilibrio que dicen tener.<\/p>\n<p>El jueves como suele pasar aprobaran una vez m\u00e1s un presupuesto que siempre contempla el satisfacer las necesidades de los pol\u00edticos que levantan la mano acompa\u00f1ando al oficialismo, estaremos all\u00ed para luego informar a los vecinos como voto cada uno y si dieron alg\u00fan argumento que justifique su voto en representaci\u00f3n de los intereses de los vecinos.<\/p>\n<p>&nbsp;<\/p>\n<p><em><strong>Por Marcelo Ricardo Hawrylciw<\/strong><\/em><\/p>\n<p>&nbsp;<\/p>\n<p>&nbsp;<\/p>\n","protected":false},"excerpt":{"rendered":"<p>\u00a0 El concejal y presidente del bloque del FpV del HCD de Avellaneda, Jorge Degli Innocenti, tuvo que salir a defender el presupuesto que se debatir\u00e1 el jueves seg\u00fan sus palabras, asegurando que \u00abtenemos un presupuesto equilibrado\u00bb y \u00abno hay despilfarro y ning\u00fan desequilibrio con las partidas, es m\u00e1s, todo est\u00e1 presupuestado en el 28&hellip;<\/p>\n","protected":false},"author":1,"featured_media":0,"comment_status":"open","ping_status":"open","sticky":false,"template":"","format":"standard","meta":{"footnotes":""},"categories":[10,13],"tags":[20457,461,16587,9708,15486,1062,671,459],"class_list":["post-47741","post","type-post","status-publish","format-standard","hentry","category-editorial","category-politica","tag-armando-bertolott","tag-avellaneda","tag-hcd","tag-hospital-de-wilde","tag-jorge-degli-innocenti","tag-jorge-ferraresi","tag-presupuesto","tag-sebastian-vinagre"],"_links":{"self":[{"href":"https:\/\/www.elsindical.com.ar\/notas\/wp-json\/wp\/v2\/posts\/47741","targetHints":{"allow":["GET"]}}],"collection":[{"href":"https:\/\/www.elsindical.com.ar\/notas\/wp-json\/wp\/v2\/posts"}],"about":[{"href":"https:\/\/www.elsindical.com.ar\/notas\/wp-json\/wp\/v2\/types\/post"}],"author":[{"embeddable":true,"href":"https:\/\/www.elsindical.com.ar\/notas\/wp-json\/wp\/v2\/users\/1"}],"replies":[{"embeddable":true,"href":"https:\/\/www.elsindical.com.ar\/notas\/wp-json\/wp\/v2\/comments?post=47741"}],"version-history":[{"count":4,"href":"https:\/\/www.elsindical.com.ar\/notas\/wp-json\/wp\/v2\/posts\/47741\/revisions"}],"predecessor-version":[{"id":47745,"href":"https:\/\/www.elsindical.com.ar\/notas\/wp-json\/wp\/v2\/posts\/47741\/revisions\/47745"}],"wp:attachment":[{"href":"https:\/\/www.elsindical.com.ar\/notas\/wp-json\/wp\/v2\/media?parent=47741"}],"wp:term":[{"taxonomy":"category","embeddable":true,"href":"https:\/\/www.elsindical.com.ar\/notas\/wp-json\/wp\/v2\/categories?post=47741"},{"taxonomy":"post_tag","embeddable":true,"href":"https:\/\/www.elsindical.com.ar\/notas\/wp-json\/wp\/v2\/tags?post=47741"}],"curies":[{"name":"wp","href":"https:\/\/api.w.org\/{rel}","templated":true}]}}